{"id":7828,"date":"2017-04-20T09:42:12","date_gmt":"2017-04-20T07:42:12","guid":{"rendered":"http:\/\/colibris-nancy.fr\/?p=7828"},"modified":"2017-04-20T09:42:12","modified_gmt":"2017-04-20T07:42:12","slug":"passer-du-moyen-age-de-la-democratie-a-la-renaissance-citoyenne","status":"publish","type":"post","link":"https:\/\/intermedium.fr\/bulle\/passer-du-moyen-age-de-la-democratie-a-la-renaissance-citoyenne\/","title":{"rendered":"\u00ab Passer du Moyen \u00c2ge de la d\u00e9mocratie \u00e0 la Renaissance citoyenne \u00bb"},"content":{"rendered":"<p><strong>Entretien avec Armel Le Coz<\/strong><\/p>\n<p>Par Vincent Tardieu \/ Colibris &#x2013; 13 mars 2017<\/p>\n<p><em>Armel Le Coz d&#xE9;veloppe avec l&#x2019;association D&#xE9;mocratie Ouverte le projet &#xA0;&#xAB; Territoires Hautement Citoyens &#xBB; aupr&#xE8;s des collectivit&#xE9;s locales. L&#x2019;objectif ? Initier la transition d&#xE9;mocratique et innover dans les formes de gouvernance. Et ce designer industriel de formation, qui s&#x2019;est r&#xE9;orient&#xE9; sur les architectures politiques de l&#x2019;avenir, ne se contente pas de produire des concepts. Ce trentenaire passe &#xE0; l&#x2019;acte et va sur le terrain : en 2014, il est parti six mois en auto-stop faire le tour d&#x2019;une centaine de communes ayant mis en &#x153;uvre des exp&#xE9;riences de d&#xE9;mocratie remarquables, pour conna&#xEE;tre l&#x2019;&#xE9;tat d&#x2019;esprit des citoyens, et en se faisant h&#xE9;berger par les &#xE9;lus afin de comprendre leurs approches. Un entretien hautement inspirant !<\/em><\/p>\n<p><strong>&#x2013; D&#xE9;mocratie collaborative, ouverte, contributive, participative, d&#xE9;lib&#xE9;rative, CivicTech&#x2026; Ces diff&#xE9;rents termes, apparus ces derni&#xE8;res ann&#xE9;es, recouvrent-ils les m&#xEA;mes aspirations ?<\/strong><\/p>\n<p>Disons d&#x2019;abord que tous ces termes sont r&#xE9;v&#xE9;lateurs d&#x2019;une m&#xEA;me situation : celle d&#x2019;une crise politique profonde et de notre mode d&#x2019;organisation. N&#x2019;oublions pas que le terme de d&#xE9;mocratie, <em>demos kratos<\/em> en grec signifiant le pouvoir au peuple, est riche d&#x2019;une formidable promesse, celle d&#x2019;un &#xE9;gal acc&#xE8;s des citoyens &#xE0; la prise de d&#xE9;cision et &#xE0; l&#x2019;action publique. Or, cet id&#xE9;al d&#xE9;mocratique est aujourd&#x2019;hui loin d&#x2019;&#xEA;tre atteint. Pour s&#x2019;en rapprocher, il faut que les citoyens soient davantage associ&#xE9;s aux d&#xE9;cisions politiques. Cela &#xE9;tant pos&#xE9;, le fait d&#x2019;utiliser des termes diff&#xE9;rents n&#x2019;est pas anodin, il renvoie &#xE0; des cultures diff&#xE9;rentes et &#xE0; la mani&#xE8;re dont on imagine que la d&#xE9;mocratie devrait &#xE9;voluer et s&#x2019;exercer.<\/p>\n<p>Dans notre collectif nous parlons de &#xAB; d&#xE9;mocratie ouverte &#xBB;, en nous r&#xE9;f&#xE9;rant au terme anglais d&#x2019;<em>open government<\/em> (la gouvernance ouverte). Cela inclut trois valeurs cardinales : aller vers <strong>plus de transparence<\/strong>, ce qui int&#xE8;gre l&#x2019;acc&#xE8;s aux donn&#xE9;es, les licences libres et toute la dimension p&#xE9;dagogique &#xE0; mettre en &#x153;uvre avec les &#xE9;lus et les citoyens ; assurer la <strong>collaboration citoyenne aux prises de d&#xE9;cision<\/strong>, ce qui revient &#xE0; substituer une logique de partenariat et de r&#xE9;seaux aux modes d&#x2019;organisation pyramidaux ; et enfin promouvoir une participation effective des citoyens et garantir leur pouvoir d&#x2019;action &#xE0; travers les processus de consultation, de <strong>co-construction des politiques publiques<\/strong> au niveau des phases d&#x2019;&#xE9;laboration et de d&#xE9;cision.<\/p>\n<p><strong>DANS LA FAMILLE D&#xC9;MOCRATIE, JE DEMANDE&#x2026;<\/strong><\/p>\n<p><strong>&#x2013; Vous avez d&#xE9;crit la typographie de cette diversit&#xE9; d&#x2019;initiatives en les regroupant en 7 familles : quelles sont-elles ?<\/strong><\/p>\n<p>Pr&#xE9;cisons d&#x2019;embl&#xE9;e qu&#x2019;aucun mouvement ni initiative ne peut &#xEA;tre r&#xE9;duit &#xE0; une case. Et ces regroupements sont discutables et en perp&#xE9;tuelle &#xE9;volution. N&#xE9;anmoins, je distingue une premi&#xE8;re famille, que j&#x2019;appelle <strong>&#xAB; les citoyens autonomes &#xBB;<\/strong>, dont Colibris fait partie &#xE0; mon avis, de m&#xEA;me que <a href=\"http:\/\/www.bleublanczebre.fr\/\">Les z&#xE8;bres<\/a> d&#x2019;Alexandre Jardin, <a href=\"https:\/\/alternatiba.eu\/\">Alternatiba<\/a> ou plusieurs associations de l&#x2019;&#xE9;conomie sociale et solidaire. Ces courants pr&#xF4;nent une forme d&#x2019;auto-organisation en estimant ne pas avoir besoin des institutions pour trouver des solutions, pouvoir agir par eux-m&#xEA;mes localement tout en pensant globalement.<\/p>\n<p>La deuxi&#xE8;me cat&#xE9;gorie serait constitu&#xE9;e par <strong>&#xAB; les r&#xE9;volutionnaires &#xBB;<\/strong>, ceux qui r&#xE9;futent le fonctionnement du syst&#xE8;me politique actuel et cherchent soit &#xE0; le d&#xE9;stabiliser soit &#xE0; le hacker. Et cela en pouvant utiliser parfois les outils institutionnels comme les &#xE9;lections ou en agissant de l&#x2019;ext&#xE9;rieur pour faire pression sur lui. C&#x2019;est un courant qui travaille notamment sur les aspects de la constitution. On y trouve le mouvement <a href=\"https:\/\/nuitdebout.fr\/\">Nuit debout<\/a>, <a href=\"http:\/\/www.lesprimairescitoyennes.fr\/\">Les primaires citoyennes<\/a>, <a href=\"http:\/\/www.lescitoyensconstituants.org\/\">Les citoyens constituants<\/a> et des gens proches d&#x2019;&#xC9;tienne Chouard, ou encore <a href=\"https:\/\/www.mavoix.info\/\">#MaVoix<\/a> qui promeut le tirage au sort de candidats pour les l&#xE9;gislatives.<\/p>\n<p>Troisi&#xE8;me famille, <strong>&#xAB; les formateurs &#xBB;<\/strong>. Souvent issus du milieu de l&#x2019;&#xE9;ducation populaire, du th&#xE9;&#xE2;tre ou de la p&#xE9;dagogie alternative, ils visent &#xE0; diffuser une culture de citoyennet&#xE9; active. C&#x2019;est <a href=\"http:\/\/universite-du-nous.org\/\">l&#x2019;Universit&#xE9; du Nous<\/a>, qui exp&#xE9;rimente de nouvelles gouvernances &#xE0; travers la sociocratie*, afin de former des citoyens autonomes et responsables, mais aussi Jean Massier et les youtubeurs d&#x2019;<a href=\"http:\/\/accropolis.fr\/\">Accropolis<\/a> qui d&#xE9;cryptent les coulisses des institutions, ou encore la Scop <a href=\"http:\/\/www.scoplepave.org\/\">Le Pav&#xE9;<\/a> avec ses conf&#xE9;rences gesticul&#xE9;es pour informer et former des citoyens critiques et pousser &#xE0; leur engagement.<\/p>\n<p>Viennent ensuite <strong>&#xAB; les transformateurs &#xBB;<\/strong>, ceux qui vont changer le syst&#xE8;me de l&#x2019;int&#xE9;rieur et travaillent aupr&#xE8;s des d&#xE9;cideurs, dans les cabinets minist&#xE9;riels, les entreprises ou les institutions, mais aussi des &#xE9;lus comme &#xE0; <a href=\"http:\/\/www.mairiedesaillans26.fr\/\">Saillans<\/a> (Dr&#xF4;me), &#xE0; <a href=\"http:\/\/www.bastamag.net\/Reportage-Tremargat\">Tr&#xE9;margat<\/a> (C&#xF4;te d&#x2019;Armor) ou &#xE0; <a href=\"http:\/\/www.ville-kingersheim.fr\/\">Kingersheim<\/a> (Haut-Rhin). Ils &#x153;uvrent pour changer la gouvernance et les m&#xE9;thodes de travail ou d&#x2019;organisation, accompagner ces changements par une co-construction des politiques publiques.<\/p>\n<p>Puis je distingue la famille de<em>&#xA0;<strong>&#xAB; la d&#xE9;mocratie participative &#xBB;<\/strong><\/em>, &#xE0; l&#x2019;initiative souvent de l&#x2019;institution et d&#x2019;&#xE9;lus, plut&#xF4;t descendante (<em>top down<\/em>), ce qui n&#x2019;emp&#xEA;che pas l&#x2019;innovation politique. C&#x2019;est aussi bien la <a href=\"https:\/\/www.debatpublic.fr\/\">Commission du d&#xE9;bat public<\/a> au niveau national que les conseils de quartier, de jeunes ou de citoyens au niveau local, qui sont parfois tr&#xE8;s efficaces pour aiguiller ou aiguillonner les politiques publiques. On retrouve encore, ici, l&#x2019;initiative l&#xE9;gislative du s&#xE9;nateur Jo&#xEB;l Labb&#xE9; sur les pesticides [<a href=\"https:\/\/www.colibris-lemouvement.org\/projets\/luniversite-colibris\/parcours-decouverte-democratie-contributive#video2\">voir la vid&#xE9;o<\/a>] et celle de la Secr&#xE9;taire d&#x2019;&#xC9;tat Axelle Lemaire <a href=\"https:\/\/www.republique-numerique.fr\/\">sur le num&#xE9;rique<\/a>, lesquelles s&#x2019;int&#xE8;grent &#xE9;galement &#xE0; la CivicTech dans la mesure o&#xF9; elles s&#x2019;appuient sur des plateformes num&#xE9;riques.<\/p>\n<p>Pr&#xE9;cis&#xE9;ment viennent ensuite la famille des <strong>&#xAB; geeks de la CivicTech &#xBB;&#xA0;<\/strong>qui construisent divers outils Internet (plateformes, sites, MOOCs, applications pour t&#xE9;l&#xE9;phone mobile et tablette, r&#xE9;seaux sociaux&#x2026;) pour outiller les d&#xE9;marches de toutes les autres familles. Tr&#xE8;s nombreux, on peut citer en plus des r&#xE9;seaux sociaux comme Facebook, Twitter ou Youtube : <a href=\"https:\/\/www.parlement-et-citoyens.fr\/\">Parlement &amp; Citoyens<\/a>, <a href=\"https:\/\/laprimaire.org\/\">Laprimaire.org<\/a>, <a href=\"http:\/\/www.wesign.it\/\">We sign it<\/a>, <a href=\"https:\/\/www.change.org\/\">Change<\/a>, <a href=\"https:\/\/www.avaaz.org\/page\/fr\/\">Avaaz<\/a>, <a href=\"http:\/\/www.voxe.org\/\">Voxe.org<\/a>, <a href=\"https:\/\/www.lafabriquedelaloi.fr\/\">La Fabrique de la loi<\/a>, <a href=\"http:\/\/www.tellmycity.com\/\">TellMyCity<\/a>, <a href=\"http:\/\/www.data.gouv.fr\/fr\/\">Data.gouv.fr<\/a>, <a href=\"http:\/\/fullmobs.org\/\">Fullmobs<\/a>, etc. Soulignons que chez ces geeks il n&#x2019;y a pas que l&#x2019;offre de technologies pour am&#xE9;liorer la d&#xE9;mocratie et l&#x2019;engagement civique : ils d&#xE9;veloppent aussi une vision sociale forte, qui s&#x2019;appuie sur la culture des biens communs et de l&#x2019;intelligence collective, avec les logiques de pair &#xE0; pair (<em>peer to peer<\/em>).<\/p>\n<p>Ma derni&#xE8;re famille est celle des <strong>&#xAB; f&#xE9;d&#xE9;rateurs &#xBB;<\/strong>, qui cherchent &#xE0; relier et &#xE0; cr&#xE9;er des synergies entre toutes les autres, &#xE0; travailler en r&#xE9;seaux. On retrouve &#xE0; mon avis notre association <a href=\"http:\/\/democratieouverte.org\/\">D&#xE9;mocratie ouverte<\/a>, mais aussi l&#x2019;<a href=\"http:\/\/institutdelaconcertation.org\/PagePrincipale\">Institut de la concertation<\/a>, le <a href=\"http:\/\/www.gniac.fr\/\">GNIAC<\/a>, <a href=\"http:\/\/eg-pouvoir-citoyen.org\/\">Pouvoir citoyen en marche<\/a>, <a href=\"http:\/\/www.deciderensemble.com\/page\/9519-\">D&#xE9;cider ensemble<\/a>, l&#x2019;<a href=\"http:\/\/unadel.org\/\">UNADEL<\/a>&#x2026;<\/p>\n<p><strong>&#x2013; Plusieurs politiques et candidats &#xE0; la pr&#xE9;sidentielle, mais aussi des m&#xE9;dias et des entreprises, mettent depuis des mois la d&#xE9;mocratie participative &#xE0; toutes les sauces&#x2026; Comment pr&#xE9;server les exigences initiales des mouvements citoyens et de la CivicTech pour revivifier l&#x2019;exercice d&#xE9;mocratique et &#xE9;viter de r&#xE9;duire celle-ci &#xE0; un vulgaire slogan marketing ?<\/strong><\/p>\n<p>Ces r&#xE9;cup&#xE9;rations sont &#xE9;videntes : de m&#xEA;me qu&#x2019;il y a du <em>green washing<\/em> on assiste &#xE0; du <em>citizen washing<\/em>. Paradoxalement, c&#x2019;est plut&#xF4;t un bon signe ! Car c&#x2019;est en quelque sorte la ran&#xE7;on du succ&#xE8;s de ce mouvement de fond, qui manifeste une prise de conscience des dysfonctionnements par de nombreux d&#xE9;cideurs et finalement la progression de ces id&#xE9;es. Dans l&#x2019;entreprise, par exemple, le responsable qui va chercher &#xE0; am&#xE9;liorer la participation des employ&#xE9;s ou la transparence dans le fonctionnement, s&#x2019;il reprend les codes de cette d&#xE9;mocratie participative sans n&#xE9;cessairement en assumer toute la gouvernance, va finalement se mettre en mouvement dans la bonne voie.<\/p>\n<p>Dans un autre domaine, j&#x2019;observe les m&#xEA;mes limites au niveau des politiques : regardez ce processus de budget participatif &#xE0; Paris. Il ne porte que sur 5 % du budget d&#x2019;investissement de la ville. Donc il n&#x2019;a pas le pouvoir de bouleverser l&#x2019;ensemble de la politique de l&#x2019;institution. Pour autant, ce processus transforme certaines prises de d&#xE9;cision, l&#x2019;approche des &#xE9;lus et implique davantage les habitants.<\/p>\n<p>Certains consid&#xE8;reront ces avanc&#xE9;es comme nulles et non avenues. Pour moi, cette r&#xE9;cup&#xE9;ration ou avanc&#xE9;e partielle participe d&#x2019;un processus plut&#xF4;t vertueux. &#xC0; nous tous de le rendre mature ! Tous les collectifs doivent &#xEA;tre &#xE0; cette fin vigilants et exigeants. Cela peut passer par la mise en &#x153;uvre de certains garde-fous, de grilles de validation voire de labels sur diverses initiatives prises par les d&#xE9;cideurs par exemple, afin d&#x2019;&#xE9;viter une instrumentalisation qui bloque finalement l&#x2019;av&#xE8;nement d&#x2019;une r&#xE9;elle d&#xE9;mocratie ouverte. Mais je suis s&#xFB;r que plus les citoyens seront form&#xE9;s sur cette ambition d&#xE9;mocratique, moins ils seront dupes, et plus ils seront partout exigeants dans sa mise en &#x153;uvre, au sein de l&#x2019;entreprise comme dans le reste de la vie publique.<\/p>\n<p>&#xAB;&#xA0;Les r&#xE9;cup&#xE9;rations ou les avanc&#xE9;es partielles de la d&#xE9;mocratie participative participent d&#x2019;un processus plut&#xF4;t vertueux. &#xC0; nous tous de le rendre mature !&#xA0;&#xBB;<\/p>\n<p><strong>&#x2013; &#xC0; l&#x2019;&#xE9;tranger, si vous ne deviez retenir qu&#x2019;une seule initiative de d&#xE9;mocratie ouverte, laquelle serait-elle ?<\/strong><\/p>\n<p>Sans doute la <strong>r&#xE9;&#xE9;criture de la<\/strong> <strong>constitution islandaise<\/strong>. Ce processus, exemplaire, fait suite &#xE0; l&#x2019;&#xE9;lectrochoc de la crise financi&#xE8;re et politique violente qu&#x2019;a v&#xE9;cu la population (d&#x2019;environ 330 000 personnes) en 2008. Il a &#xE9;t&#xE9; marqu&#xE9; par des formations d&#x2019;&#xE9;ducation civique, le d&#xE9;ploiement d&#x2019;outils num&#xE9;riques permettant la contribution du plus grand nombre, et un tirage au sort de citoyens pour aller au-del&#xE0;&#x2026; Le premier pas, m&#xE9;connu, a eu lieu dans les &#xE9;coles, o&#xF9; les &#xE9;l&#xE8;ves ont &#xE9;t&#xE9; invit&#xE9;s &#xE0; &#xE9;crire leur constitution id&#xE9;ale. Ainsi, pr&#xE8;s de la moiti&#xE9; de la jeunesse islandaise s&#x2019;est impliqu&#xE9;e dans l&#x2019;exercice, en y associant souvent les parents le soir &#xE0; la maison !<\/p>\n<p>&#xA0;<\/p>\n<p><strong>CHANGER LA POSTURE DES &#xC9;LUS&#x2026;MAIS AUSSI DES CITOYENS !<\/strong><\/p>\n<p><strong>&#x2013; Vous insistez sur le fait que ce mouvement de d&#xE9;mocratie contributive ne s&#x2019;oppose pas &#xE0; la d&#xE9;mocratie &#xE9;lective. Toutefois, on constate que les &#xE9;lus s&#x2019;inscrivant dans cette voie sont encore peu nombreux ou qu&#x2019;ils limitent la port&#xE9;e de ce processus participatif. Mais aussi que les mouvements de la CivicTech ont parfois du mal &#xE0; accepter les compromis et le fait que des &#xE9;lus vont s&#x2019;emparer de leurs propositions et n&#x2019;en retenir que certains aspects, comme en t&#xE9;moigne le s&#xE9;nateur Jo&#xEB;l Labb&#xE9; dans&#xA0;<\/strong><a href=\"https:\/\/www.colibris-lemouvement.org\/projets\/luniversite-colibris\/parcours-decouverte-democratie-contributive#video2\"><strong>cette vid&#xE9;o<\/strong><\/a><strong>&#x2026;<\/strong><\/p>\n<p>Dans le tour de France que j&#x2019;ai effectu&#xE9; en 2014, j&#x2019;ai &#xE9;t&#xE9; s&#xE9;duit par la fa&#xE7;on dont plusieurs communes sont parvenues &#xE0; modifier les r&#xF4;les des &#xE9;lus, des employ&#xE9;s municipaux et des citoyens. Je me suis aper&#xE7;u que ce trio r&#xE9;ussissait &#xE0; bien fonctionner chaque fois que l&#x2019;&#xE9;lu se mettait dans une posture d&#x2019;animateur et de facilitateur du dialogue et du processus d&#xE9;mocratique, et non lorsqu&#x2019;il cherchait &#xE0; le r&#xE9;genter. Il offre d&#xE8;s lors un espace d&#x2019;engagement effectif aux citoyens dans les diff&#xE9;rents aspects de la vie et de la gestion communale. Si je prends l&#x2019;<strong>exemple de Tr&#xE9;margat&#xA0;<\/strong>(300 habitants) dans les C&#xF4;tes-d&#x2019;Armor, ce village n&#x2019;a absolument pas les moyens de prendre &#xE0; sa charge un grand nombre de services. Elle peut, en revanche, dynamiser et faciliter les prises d&#x2019;initiatives par les habitants eux-m&#xEA;mes : ainsi, on trouve &#xE0; Tr&#xE9;margat une &#xE9;picerie qui vend les produits des agriculteurs du coin, souvent en bio, un caf&#xE9; associatif avec une offre culturelle et d&#x2019;animation incroyable (concerts, biblioth&#xE8;que, soir&#xE9;es jeu, d&#xE9;bats&#x2026;), et un fonctionnement politique innovant avec non-cumul des mandats dans le temps, implication large par projets, association et formation de citoyens &#xE0; la gestion. L&#x2019;&#xE9;lu n&#x2019;est plus ce visionnaire qui fait &#xE0; la place des gens, mais bien un animateur et un m&#xE9;diateur qui permet aux gens de se prendre en mains, qui les guide dans cette voie pour satisfaire les biens collectifs plut&#xF4;t que les int&#xE9;r&#xEA;ts de chacun. Cette double posture active et responsable, de la part des &#xE9;lus comme des citoyens, o&#xF9; les premiers ne sont pas dans un r&#xF4;le de gouverneur et les seconds de simples consommateurs de services, change toute la vie de la cit&#xE9; !<\/p>\n<p>&#xAB;&#xA0;Chaque fois que l&#x2019;&#xE9;lu se met dans une posture d&#x2019;animateur, il offre un espace d&#x2019;engagement effectif aux citoyens&#xA0;&#xBB;<\/p>\n<p><strong>&#x2013; De nombreux citoyens ont le sentiment que les &#xE9;lections ne constituent plus une forme de d&#xE9;mocratie effective : faut-il encore aller voter et pourquoi ?<\/strong><\/p>\n<p>Moi, j&#x2019;ai tendance &#xE0; prendre tous les outils &#xE0; notre disposition, m&#xEA;me imparfaits, pour faire progresser la r&#xE9;flexion et l&#x2019;expression d&#xE9;mocratique. Les &#xE9;lections en sont un parmi d&#x2019;autres, en aucun cas une finalit&#xE9; ou l&#x2019;alpha et l&#x2019;omega de la citoyennet&#xE9;. C&#x2019;est un outil &#xE0; faire &#xE9;voluer d&#x2019;ailleurs [<a href=\"https:\/\/www.colibris-lemouvement.org\/projets\/luniversite-colibris\/parcours-decouverte-democratie-contributive#video3\">voir la vid&#xE9;o<\/a> de Cyril Lage].<\/p>\n<p><strong>UN MINI BUS POUR DES EXP&#xC9;RIMENTATIONS CITOYENNES AU QUOTIDIEN<\/strong><\/p>\n<p><strong>&#x2013; En France, j&#x2019;ai l&#x2019;impression que ces initiatives ne touchent pas les citoyens des quartiers populaires, qui ne votent plus ou peu. Pas davantage les milieux agricoles isol&#xE9;s, sans usage d&#x2019;Internet pour un tiers d&#x2019;entre eux. Comment s&#x2019;adresser &#xE0; ces populations exclues plus que d&#x2019;autres du champ d&#xE9;mocratique, mais aussi en grande difficult&#xE9; socio-&#xE9;conomique ?<\/strong><\/p>\n<p>Je partage votre constat : ces exp&#xE9;rimentations concernent avant tout les populations urbaines et connect&#xE9;es. Et je pense que l&#x2019;un des leviers pour diffuser cette culture d&#xE9;mocratique partout sur le territoire et aupr&#xE8;s de toutes les cat&#xE9;gories sociales, c&#x2019;est l&#x2019;&#xE9;cole. Et cela en allant au-del&#xE0; de l&#x2019;&#xE9;ducation civique (et morale, actuellement), pour cr&#xE9;er un v&#xE9;ritable parcours de la citoyennet&#xE9; tout au long de sa scolarit&#xE9; et de sa vie, avec de v&#xE9;ritables espaces et projets d&#x2019;exp&#xE9;rimentation.<\/p>\n<p>Ensuite, il existe dans des territoires relativement isol&#xE9;s, en zones rurales notamment, des exp&#xE9;rimentations d&#xE9;mocratiques innovantes, au niveau des formes et des itin&#xE9;raires de productions agricoles, mais aussi de vie quotidienne, souvent &#xE0; l&#x2019;initiative de n&#xE9;oruraux. Cela rejoint les &#xAB; oasis &#xBB; soutenues par le mouvement Colibris, qui ne sont toutefois pas toujours en lien avec le reste de la population locale**.<\/p>\n<p>Ce que l&#x2019;on est en train de faire, en tant que D&#xE9;mocratie Ouverte, dans la r&#xE9;gion Centre Val de Loire, avec le programme <a href=\"http:\/\/www.territoires-hautement-citoyens.fr\/centre-val-de-loire\/\">Territoire Hautement Citoyens<\/a>, est pr&#xE9;cis&#xE9;ment de mettre en &#x153;uvre des outils et des modes de fonctionnement qui permettent de toucher des publics divers. Nous allons l&#xE0; o&#xF9; vivent et travaillent les gens avec un mini bus de la D&#xE9;mocratie, et proposons des actions modestes (et ludiques !) de r&#xE9;flexion et d&#x2019;exp&#xE9;rimentation citoyennes, qui sont film&#xE9;es et mises en commun par Internet. Nous pouvons alors nous appuyer sur des actions existant dans des entreprises, des supermarch&#xE9;s, des &#xE9;coles ou des services publics, mais aussi au sein d&#x2019;&#xE9;co-lieux, afin de les faire conna&#xEE;tre et prosp&#xE9;rer.<\/p>\n<p><em>Le bus de la tourn&#xE9;e citoyenne<\/em><\/p>\n<p>Alors, oui, on ne parvient pas encore &#xE0; toucher tout le monde, et toutes ces initiatives de renouveau d&#xE9;mocratique mises bout &#xE0; bout ne font pas encore syst&#xE8;me, en proposant un mod&#xE8;le de soci&#xE9;t&#xE9; irr&#xE9;sistible et coh&#xE9;rent. D&#x2019;o&#xF9; cette id&#xE9;e d&#x2019;un <strong>parcours de citoyennet&#xE9; &#xE0; l&#x2019;&#xE9;cole<\/strong>. Mais aussi de pouvoir choisir l&#x2019;&#xE2;ge de notre majorit&#xE9;, entre 15 et 25 ans par exemple, en ayant pr&#xE9;par&#xE9; pour l&#x2019;accompagner un contrat de citoyennet&#xE9; personnalis&#xE9;. Celui-ci expliquerait d&#x2019;une part ce que l&#x2019;on souhaite faire pour la soci&#xE9;t&#xE9;, mais aussi ce que celle-ci fera pour nous. Et l&#x2019;on peut imaginer une c&#xE9;r&#xE9;monie de signature de ce contrat, en mairie ou ailleurs, constituant un rite de passage vers la citoyennet&#xE9;, au cours duquel on nous remettrait une carte de citoyen et non plus seulement une carte d&#x2019;&#xE9;lecteur.<\/p>\n<p>Cette carte permettrait de cumuler une sorte de monnaie citoyenne, qui valoriserait nos actions diverses en faveur de l&#x2019;int&#xE9;r&#xEA;t g&#xE9;n&#xE9;ral. Comptabilis&#xE9;e sur une plateforme, un compte citoyen en ligne, cette monnaie ouvrirait des droits &#xE0; de la formation, &#xE0; des pratiques culturelles, aux transports en commun, etc. Elle pourrait aussi ouvrir une nouvelle approche de l&#x2019;imp&#xF4;t, qui ne serait plus seulement pay&#xE9; en argent mais pourrait l&#x2019;&#xEA;tre aussi en temps &#x2013; des heures consacr&#xE9;es, par exemple, &#xE0; des associations et &#xE0; des actions b&#xE9;n&#xE9;voles pour la collectivit&#xE9;. Bref ! si j&#x2019;ai parfois le sentiment que nous sommes au Moyen &#xC2;ge de la d&#xE9;mocratie, je trouve bien des possibles pour aller vers une v&#xE9;ritable Renaissance. Et dans ce domaine, les innovations sont sans limite !<\/p>\n","protected":false},"excerpt":{"rendered":"<p>Entretien avec Armel Le Coz Par Vincent Tardieu \/ Colibris &#x2013; 13 mars 2017 Armel Le Coz d&#xE9;veloppe avec l&#x2019;association &#x2026; <\/p>\n<p class=\"read-more-container\"><a title=\"&#xAB; Passer du Moyen &#xC2;ge de la d&#xE9;mocratie &#xE0; la Renaissance citoyenne &#xBB;\" class=\"read-more button\" href=\"https:\/\/intermedium.fr\/bulle\/passer-du-moyen-age-de-la-democratie-a-la-renaissance-citoyenne\/#more-7828\" aria-label=\"Plus sur &#xAB; Passer du Moyen &#xC2;ge de la d&#xE9;mocratie &#xE0; la Renaissance citoyenne &#xBB;\">Lire la suite<\/a><\/p>\n","protected":false},"author":4,"featured_media":0,"comment_status":"open","ping_status":"open","sticky":false,"template":"","format":"standard","meta":{"_uag_custom_page_level_css":"","footnotes":""},"categories":[10],"tags":[7],"class_list":["post-7828","post","type-post","status-publish","format-standard","hentry","category-societe","tag-edito","infinite-scroll-item","generate-columns","tablet-grid-50","mobile-grid-100","grid-parent","grid-33","no-featured-image-padding"],"uagb_featured_image_src":{"full":false,"thumbnail":false,"medium":false,"medium_large":false,"large":false,"1536x1536":false,"2048x2048":false},"uagb_author_info":{"display_name":"Candid","author_link":"https:\/\/intermedium.fr\/bulle\/author\/bibo\/"},"uagb_comment_info":0,"uagb_excerpt":"Entretien avec Armel Le Coz Par Vincent Tardieu \/ Colibris &#x2013; 13 mars 2017 Armel Le Coz d&#xE9;veloppe avec l&#x2019;association ... Lire la suite","_links":{"self":[{"href":"https:\/\/intermedium.fr\/bulle\/wp-json\/wp\/v2\/posts\/7828","targetHints":{"allow":["GET"]}}],"collection":[{"href":"https:\/\/intermedium.fr\/bulle\/wp-json\/wp\/v2\/posts"}],"about":[{"href":"https:\/\/intermedium.fr\/bulle\/wp-json\/wp\/v2\/types\/post"}],"author":[{"embeddable":true,"href":"https:\/\/intermedium.fr\/bulle\/wp-json\/wp\/v2\/users\/4"}],"replies":[{"embeddable":true,"href":"https:\/\/intermedium.fr\/bulle\/wp-json\/wp\/v2\/comments?post=7828"}],"version-history":[{"count":0,"href":"https:\/\/intermedium.fr\/bulle\/wp-json\/wp\/v2\/posts\/7828\/revisions"}],"wp:attachment":[{"href":"https:\/\/intermedium.fr\/bulle\/wp-json\/wp\/v2\/media?parent=7828"}],"wp:term":[{"taxonomy":"category","embeddable":true,"href":"https:\/\/intermedium.fr\/bulle\/wp-json\/wp\/v2\/categories?post=7828"},{"taxonomy":"post_tag","embeddable":true,"href":"https:\/\/intermedium.fr\/bulle\/wp-json\/wp\/v2\/tags?post=7828"}],"curies":[{"name":"wp","href":"https:\/\/api.w.org\/{rel}","templated":true}]}}