{"id":49,"count":2,"description":"","link":"https:\/\/intermedium.fr\/laquete\/category\/ecologie-personnelle\/preferences-cerebrales\/","name":"Pr\u00e9f\u00e9rences c\u00e9r\u00e9brales","slug":"preferences-cerebrales","taxonomy":"category","parent":25,"meta":[],"_links":{"self":[{"href":"https:\/\/intermedium.fr\/laquete\/wp-json\/wp\/v2\/categories\/49","targetHints":{"allow":["GET"]}}],"collection":[{"href":"https:\/\/intermedium.fr\/laquete\/wp-json\/wp\/v2\/categories"}],"about":[{"href":"https:\/\/intermedium.fr\/laquete\/wp-json\/wp\/v2\/taxonomies\/category"}],"up":[{"embeddable":true,"href":"https:\/\/intermedium.fr\/laquete\/wp-json\/wp\/v2\/categories\/25"}],"wp:post_type":[{"href":"https:\/\/intermedium.fr\/laquete\/wp-json\/wp\/v2\/posts?categories=49"}],"curies":[{"name":"wp","href":"https:\/\/api.w.org\/{rel}","templated":true}]}}