{"id":10008,"date":"2018-09-19T07:48:04","date_gmt":"2018-09-19T05:48:04","guid":{"rendered":"https:\/\/colibris-nancy.fr\/?p=10008"},"modified":"2018-09-19T07:48:04","modified_gmt":"2018-09-19T05:48:04","slug":"fete-de-la-soupe-on-a-gagne","status":"publish","type":"post","link":"https:\/\/intermedium.fr\/laquete\/2018\/09\/19\/fete-de-la-soupe-on-a-gagne\/","title":{"rendered":"F\u00eate de la soupe : On a gagn\u00e9 !!"},"content":{"rendered":"<p>Apr\u00e8s plusieurs tentatives infructueuses, nous avons \u00e9t\u00e9 r\u00e9compens\u00e9s !<\/p>\n<p>Cette ann\u00e9e encore, nous avions d\u00e9cid\u00e9 de participer \u00e0 cette manifestation un peu bizarre qui consiste pour une quarantaine d&rsquo;associations \u00e0 pr\u00e9parer une soupe. Les organisateurs consid\u00e8rent cet \u00e9v\u00e8nement comme une \u00ab\u00a0p\u00e9pini\u00e8re culturelle et cr\u00e9ative\u00a0\u00bb et il faut bien le dire, la cr\u00e9ativit\u00e9 et la culture \u00e9taient pr\u00e9sentes.<\/p>\n<p>La courge sous toutes ses d\u00e9clinaisons \u00e9tait \u00e0 l&rsquo;honneur. Un produit r\u00e9gional et en pleine saison.<br \/>\nC&rsquo;est donc dans cette ambiance festive, que Fran\u00e7oise des Colibris de Nancy, aid\u00e9e de Marie-Jo, Ren\u00e9e, Alhassane et Bernard, a pr\u00e9sent\u00e9 sa d\u00e9licieuse recette de courges \u00ab\u00a0Butternut et Sucrine du Berry\u00a0\u00bb, agr\u00e9ment\u00e9e de chantilly au sel et de ses croustillants tartin\u00e9s de bleu des Causses et de noix moulues.<\/p>\n<p>Le public tr\u00e8s nombreux faisait encore la queue alors que la marmite \u00e9tait vide ! Cette soupe a aussi su s\u00e9duire un jury de professionnels de la cuisine, qui lui a d\u00e9cern\u00e9 le troisi\u00e8me prix. Et c&rsquo;est non sans une certaine fiert\u00e9 que nous avons emport\u00e9 un magnifique cageot de fruits et l\u00e9gumes et le dipl\u00f4me qui allait avec.<\/p>\n<p>&nbsp;<\/p>\n<p>&nbsp;<\/p>\n<p>&nbsp;<\/p>\n","protected":false},"excerpt":{"rendered":"<p>Apr\u00e8s plusieurs tentatives infructueuses, nous avons \u00e9t\u00e9 r\u00e9compens\u00e9s ! Cette ann\u00e9e encore, nous avions d\u00e9cid\u00e9 de participer \u00e0 cette manifestation un peu bizarre qui consiste pour une quarantaine d&rsquo;associations \u00e0 &#8230; <a title=\"F\u00eate de la soupe : On a gagn\u00e9 !!\" class=\"read-more\" href=\"https:\/\/intermedium.fr\/laquete\/2018\/09\/19\/fete-de-la-soupe-on-a-gagne\/\" aria-label=\"Plus sur F\u00eate de la soupe : On a gagn\u00e9 !!\">Lire plus<\/a><\/p>\n","protected":false},"author":1,"featured_media":10009,"comment_status":"open","ping_status":"open","sticky":false,"template":"","format":"standard","meta":{"footnotes":""},"categories":[13],"tags":[],"class_list":["post-10008","post","type-post","status-publish","format-standard","has-post-thumbnail","hentry","category-atelier-cuisine","masonry-post","generate-columns","tablet-grid-50","mobile-grid-100","grid-parent","grid-25"],"_links":{"self":[{"href":"https:\/\/intermedium.fr\/laquete\/wp-json\/wp\/v2\/posts\/10008","targetHints":{"allow":["GET"]}}],"collection":[{"href":"https:\/\/intermedium.fr\/laquete\/wp-json\/wp\/v2\/posts"}],"about":[{"href":"https:\/\/intermedium.fr\/laquete\/wp-json\/wp\/v2\/types\/post"}],"author":[{"embeddable":true,"href":"https:\/\/intermedium.fr\/laquete\/wp-json\/wp\/v2\/users\/1"}],"replies":[{"embeddable":true,"href":"https:\/\/intermedium.fr\/laquete\/wp-json\/wp\/v2\/comments?post=10008"}],"version-history":[{"count":0,"href":"https:\/\/intermedium.fr\/laquete\/wp-json\/wp\/v2\/posts\/10008\/revisions"}],"wp:featuredmedia":[{"embeddable":true,"href":"https:\/\/intermedium.fr\/laquete\/wp-json\/wp\/v2\/media\/10009"}],"wp:attachment":[{"href":"https:\/\/intermedium.fr\/laquete\/wp-json\/wp\/v2\/media?parent=10008"}],"wp:term":[{"taxonomy":"category","embeddable":true,"href":"https:\/\/intermedium.fr\/laquete\/wp-json\/wp\/v2\/categories?post=10008"},{"taxonomy":"post_tag","embeddable":true,"href":"https:\/\/intermedium.fr\/laquete\/wp-json\/wp\/v2\/tags?post=10008"}],"curies":[{"name":"wp","href":"https:\/\/api.w.org\/{rel}","templated":true}]}}