{"id":10023,"date":"2018-09-21T11:56:09","date_gmt":"2018-09-21T09:56:09","guid":{"rendered":"https:\/\/colibris-nancy.fr\/?p=10023"},"modified":"2018-09-21T11:56:09","modified_gmt":"2018-09-21T09:56:09","slug":"partage-du-loyer-de-lappartement-des-benevoles-de-saurupt-par-un-toit-pour-les-migrants","status":"publish","type":"post","link":"https:\/\/intermedium.fr\/laquete\/2018\/09\/21\/partage-du-loyer-de-lappartement-des-benevoles-de-saurupt-par-un-toit-pour-les-migrants\/","title":{"rendered":"Partage du loyer de l\u2019appartement des \u00ab B\u00e9n\u00e9voles de Saurupt \u00bb  et \u00ab\u00a0Colibris Solidaires\u00a0\u00bb"},"content":{"rendered":"<p>Un groupe de b\u00e9n\u00e9voles de l&rsquo;Arm\u00e9e du Salut et Colibris Solidaires ont lou\u00e9 un appartement \u00e0 Nancy. La gestion administrative en est assur\u00e9 par l&rsquo;Association \u00ab\u00a0<em>Un toit pour les migrants<\/em>\u00a0\u00bb qui paie les factures et per\u00e7oit les dons.<\/p>\n<p>Le loyer et les charges y aff\u00e9rentes s&rsquo;\u00e9l\u00e8vent \u00e0 1000 \u20ac mensuels que nous vous proposons de compenser par des dons, r\u00e9guliers si vous le pouvez. Tous les dons, m\u00eame de 20 \u20ac sont bienvenus.<br \/>\nEn retour, vous recevrez un \u00ab\u00a0re\u00e7u fiscal\u00a0\u00bb pour votre don, \u00e0 faire valoir sur votre d\u00e9claration de revenus (66% de d\u00e9duction).<br \/>\nAinsi, si vous \u00eates soumis \u00e0 l&rsquo;imp\u00f4t sur le revenu, pour un don de 100 \u20ac, vous n&rsquo;aurez d\u00e9pens\u00e9 que 44 \u20ac.<\/p>\n<p><a href=\"https:\/\/intermedium.fr\/laquete\/wp-content\/uploads\/2018\/09\/1-toit-c-ns-aider-a-jour.pdf\" target=\"_blank\" rel=\"noopener\">T\u00e9l\u00e9charger les coordonn\u00e9es bancaires<\/a><\/p>\n","protected":false},"excerpt":{"rendered":"<p>Un groupe de b\u00e9n\u00e9voles de l&rsquo;Arm\u00e9e du Salut et Colibris Solidaires ont lou\u00e9 un appartement \u00e0 Nancy. La gestion administrative en est assur\u00e9 par l&rsquo;Association \u00ab\u00a0Un toit pour les migrants\u00a0\u00bb &#8230; <a title=\"Partage du loyer de l\u2019appartement des \u00ab B\u00e9n\u00e9voles de Saurupt \u00bb  et \u00ab\u00a0Colibris Solidaires\u00a0\u00bb\" class=\"read-more\" href=\"https:\/\/intermedium.fr\/laquete\/2018\/09\/21\/partage-du-loyer-de-lappartement-des-benevoles-de-saurupt-par-un-toit-pour-les-migrants\/\" aria-label=\"Plus sur Partage du loyer de l\u2019appartement des \u00ab B\u00e9n\u00e9voles de Saurupt \u00bb  et \u00ab\u00a0Colibris Solidaires\u00a0\u00bb\">Lire plus<\/a><\/p>\n","protected":false},"author":1,"featured_media":9685,"comment_status":"open","ping_status":"open","sticky":false,"template":"","format":"standard","meta":{"footnotes":""},"categories":[36],"tags":[],"class_list":["post-10023","post","type-post","status-publish","format-standard","has-post-thumbnail","hentry","category-colibris-sans-frontieres","masonry-post","generate-columns","tablet-grid-50","mobile-grid-100","grid-parent","grid-25"],"_links":{"self":[{"href":"https:\/\/intermedium.fr\/laquete\/wp-json\/wp\/v2\/posts\/10023","targetHints":{"allow":["GET"]}}],"collection":[{"href":"https:\/\/intermedium.fr\/laquete\/wp-json\/wp\/v2\/posts"}],"about":[{"href":"https:\/\/intermedium.fr\/laquete\/wp-json\/wp\/v2\/types\/post"}],"author":[{"embeddable":true,"href":"https:\/\/intermedium.fr\/laquete\/wp-json\/wp\/v2\/users\/1"}],"replies":[{"embeddable":true,"href":"https:\/\/intermedium.fr\/laquete\/wp-json\/wp\/v2\/comments?post=10023"}],"version-history":[{"count":0,"href":"https:\/\/intermedium.fr\/laquete\/wp-json\/wp\/v2\/posts\/10023\/revisions"}],"wp:featuredmedia":[{"embeddable":true,"href":"https:\/\/intermedium.fr\/laquete\/wp-json\/wp\/v2\/media\/9685"}],"wp:attachment":[{"href":"https:\/\/intermedium.fr\/laquete\/wp-json\/wp\/v2\/media?parent=10023"}],"wp:term":[{"taxonomy":"category","embeddable":true,"href":"https:\/\/intermedium.fr\/laquete\/wp-json\/wp\/v2\/categories?post=10023"},{"taxonomy":"post_tag","embeddable":true,"href":"https:\/\/intermedium.fr\/laquete\/wp-json\/wp\/v2\/tags?post=10023"}],"curies":[{"name":"wp","href":"https:\/\/api.w.org\/{rel}","templated":true}]}}