{"id":10420,"date":"2018-10-31T11:48:41","date_gmt":"2018-10-31T10:48:41","guid":{"rendered":"https:\/\/colibris-nancy.fr\/?p=10420"},"modified":"2018-10-31T11:48:41","modified_gmt":"2018-10-31T10:48:41","slug":"le-groupe-des-colibris-solidaires-prend-sa-part","status":"publish","type":"post","link":"https:\/\/intermedium.fr\/laquete\/2018\/10\/31\/le-groupe-des-colibris-solidaires-prend-sa-part\/","title":{"rendered":"Le Groupe des Colibris Solidaires prend sa part (5-11 \u00e0 18 h 30 MJC Trois Maisons)"},"content":{"rendered":"<p>Le <strong>Groupe des Colibris solidaires<\/strong> a enregistr\u00e9 un accueil tr\u00e8s positif lors de la soir\u00e9e du groupe local de septembre.<br \/>\nPlusieurs personnes se sont jointes \u00e0 nous, pour offrir leur b\u00e9n\u00e9volat, pour accueillir chez eux, ou participer financi\u00e8rement \u00e0 nos actions. Nous les en remercions vivement.<\/p>\n<p>En effet, on n&rsquo;est jamais trop nombreux pour agir et entreprendre. Il y a bien s\u00fbr d&rsquo;autres associations pour r\u00e9pondre \u00e0 ce besoin d&rsquo;accueil des migrants, mais le projet est tellement vaste que notre action en plus de celles des autres, ne suffit pas \u00e0 r\u00e9pondre au probl\u00e8me qui ne cesse de s&rsquo;amplifier.<\/p>\n<h3 style=\"text-align: center;\">Votre concours est donc bienvenu.<\/h3>\n<p>Nos r\u00e9unions durant cette premi\u00e8re ann\u00e9e \u00e9taient organis\u00e9es chez les uns et chez les autres.<br \/>\nEncourag\u00e9s par vos r\u00e9flexions et commentaires, nous avons pris le parti d&rsquo;ouvrir nos d\u00e9bats et d&rsquo;organiser une r\u00e9union \u00e9largie, toutes les 4 semaines, \u00e0 la MJC des Trois Maisons.<\/p>\n<h3><strong>Nous invitons tous ceux qui sont int\u00e9ress\u00e9s par le sujet, ainsi que ceux qui seraient pr\u00eats \u00e0 nous rejoindre \u00e0 la prochaine r\u00e9union qui se tiendra le<\/strong><\/h3>\n<p style=\"text-align: center;\">lundi 5 novembre 2018 \u00e0 18 h 30<\/p>\n<h3 style=\"text-align: center;\"><strong>\u00e0 la MJC des Trois Maisons, \u201312, Rue de Fontenoy Nancy.<\/strong><\/h3>\n<p style=\"text-align: center;\">Suivie d\u2019un temps de convivialit\u00e9 gustative dans un format d\u2019auberge espagnole.<br \/>\n(Chacun apporte un mets sal\u00e9 ou sucr\u00e9 et une boisson \u00e0 partager).<\/p>\n<h3><strong>Pour \u00eatre tenu r\u00e9guli\u00e8rement tenu inform\u00e9s de nos activit\u00e9s<\/strong><\/h3>\n[wysija_form id=\u00a0\u00bb9&Prime;]\n<p>&nbsp;<\/p>\n<p><span style=\"color: #ccffff;\"><a style=\"color: #ccffff;\" href=\"https:\/\/colibris-nancy.fr\/migrations\/\" target=\"_blank\" rel=\"noopener\">Site<\/a><\/span><\/p>\n","protected":false},"excerpt":{"rendered":"<p>Le Groupe des Colibris solidaires a enregistr\u00e9 un accueil tr\u00e8s positif lors de la soir\u00e9e du groupe local de septembre. Plusieurs personnes se sont jointes \u00e0 nous, pour offrir leur &#8230; <a title=\"Le Groupe des Colibris Solidaires prend sa part (5-11 \u00e0 18 h 30 MJC Trois Maisons)\" class=\"read-more\" href=\"https:\/\/intermedium.fr\/laquete\/2018\/10\/31\/le-groupe-des-colibris-solidaires-prend-sa-part\/\" aria-label=\"Plus sur Le Groupe des Colibris Solidaires prend sa part (5-11 \u00e0 18 h 30 MJC Trois Maisons)\">Lire plus<\/a><\/p>\n","protected":false},"author":1,"featured_media":10431,"comment_status":"open","ping_status":"open","sticky":false,"template":"","format":"standard","meta":{"footnotes":""},"categories":[36],"tags":[],"class_list":["post-10420","post","type-post","status-publish","format-standard","has-post-thumbnail","hentry","category-colibris-sans-frontieres","masonry-post","generate-columns","tablet-grid-50","mobile-grid-100","grid-parent","grid-25"],"_links":{"self":[{"href":"https:\/\/intermedium.fr\/laquete\/wp-json\/wp\/v2\/posts\/10420","targetHints":{"allow":["GET"]}}],"collection":[{"href":"https:\/\/intermedium.fr\/laquete\/wp-json\/wp\/v2\/posts"}],"about":[{"href":"https:\/\/intermedium.fr\/laquete\/wp-json\/wp\/v2\/types\/post"}],"author":[{"embeddable":true,"href":"https:\/\/intermedium.fr\/laquete\/wp-json\/wp\/v2\/users\/1"}],"replies":[{"embeddable":true,"href":"https:\/\/intermedium.fr\/laquete\/wp-json\/wp\/v2\/comments?post=10420"}],"version-history":[{"count":0,"href":"https:\/\/intermedium.fr\/laquete\/wp-json\/wp\/v2\/posts\/10420\/revisions"}],"wp:featuredmedia":[{"embeddable":true,"href":"https:\/\/intermedium.fr\/laquete\/wp-json\/wp\/v2\/media\/10431"}],"wp:attachment":[{"href":"https:\/\/intermedium.fr\/laquete\/wp-json\/wp\/v2\/media?parent=10420"}],"wp:term":[{"taxonomy":"category","embeddable":true,"href":"https:\/\/intermedium.fr\/laquete\/wp-json\/wp\/v2\/categories?post=10420"},{"taxonomy":"post_tag","embeddable":true,"href":"https:\/\/intermedium.fr\/laquete\/wp-json\/wp\/v2\/tags?post=10420"}],"curies":[{"name":"wp","href":"https:\/\/api.w.org\/{rel}","templated":true}]}}