{"id":12341,"date":"2019-09-06T12:09:41","date_gmt":"2019-09-06T10:09:41","guid":{"rendered":"https:\/\/colibris-nancy.fr\/?p=12341"},"modified":"2019-09-06T12:09:41","modified_gmt":"2019-09-06T10:09:41","slug":"lengagement-envies-dagir-raisons-dagir","status":"publish","type":"post","link":"https:\/\/intermedium.fr\/laquete\/2019\/09\/06\/lengagement-envies-dagir-raisons-dagir\/","title":{"rendered":"L\u2019engagement. envies d\u2019agir, raisons d\u2019agir"},"content":{"rendered":"<p>Par Bernard<\/p>\n<p>Autrefois, lorsqu&rsquo;il \u00e9tait question d&rsquo;engagement, on parlait surtout des vocations \u00e0 rejoindre et \u00e0 se soumettre aux r\u00e8gles rigoureuses d&rsquo;institutions telles que l&rsquo;arm\u00e9e, la religion, la politique, les syndicats&#8230; impliquant une acceptation des contraintes, de l&rsquo;autorit\u00e9, voire d&rsquo;une vie de soumission au choix qui avait \u00e9t\u00e9 fait.&nbsp; Sauf cas particulier, cet engagement \u00e9tait volontaire, et r\u00e9pondait \u00e0 une aspiration fondamentale de nature \u00e0 faire sens dans le cours d&rsquo;une existence. L\u2019engagement avait un go\u00fbt de vocation qui s&rsquo;inscrivait dans la dur\u00e9e.<\/p>\n<p>L\u2019engagement conna\u00eet aujourd\u2019hui une certaine d\u00e9valuation. Les grandes vocations sont plus rares et se sont transform\u00e9es peu \u00e0 peu en motivations, le plus souvent pour une dur\u00e9e limit\u00e9e. Aujourd&rsquo;hui, on veut inventer son engagement, l&rsquo;individualiser, l&rsquo;adapter \u00e0 ses envies et \u00e0 ses moyens.<br \/>\nMais sa noblesse demeure parce que l&rsquo;essentiel que l&rsquo;on \u00ab\u00a0met en gage\u00a0\u00bb, c&rsquo;est nous-m\u00eame et notre libert\u00e9.<br \/>\nS&rsquo;engager suppose une mobilisation volontaire de soi. Il y les raisons d&rsquo;agir et l&rsquo;envie d&rsquo;\u00eatre celui qui va agir. S&rsquo;engager c&rsquo;est se d\u00e9clarer capable de mettre en \u0153uvre son \u00e9nergie, ses comp\u00e9tences et son temps pour une action n\u00e9cessaire et dont l&rsquo;accomplissement dans ses meilleures formes en sera gratifiante d&rsquo;abord pour soi-m\u00eame.<br \/>\nCette gratification est personnelle et \u00e0 la hauteur du risque, de l&rsquo;audace, des difficult\u00e9s rencontr\u00e9es, de la constance et de la pers\u00e9v\u00e9rance, mais aussi de la fid\u00e9lit\u00e9 \u00e0 la promesse faite de s&rsquo;engager.<br \/>\nAinsi, l&rsquo;engagement se refuse \u00e0 la faiblesse et pr\u00e9suppose un exercice de la volont\u00e9 dont on ne peut pas manquer. S\u2019engager n\u2019est pas simplement s\u2019occuper, ni m\u00eame s\u2019affairer. On ne s&rsquo;engage pas non plus sur un coup de t\u00eate, l&rsquo;engagement est un \u00e9lan cr\u00e9ateur capable de combler les aspirations profondes sinon la raison d&rsquo;\u00eatre de la personne.<br \/>\nL&rsquo;engagement est donc avant tout une d\u00e9marche personnelle significative : on s&rsquo;engage au nom de ses convictions \u00e0 respecter telle ou telle r\u00e8gle de vie.<\/p>\n<p>Mais l&rsquo;engagement n&rsquo;est pas seulement individuel. Il s&rsquo;inscrit souvent dans un projet collectif. Celui qui s&rsquo;engage, le fait savoir aux autres. De ce fait, il prend une place dans l&rsquo;ex\u00e9cution globale du projet.&nbsp; Le groupe vis-\u00e0-vis duquel l&rsquo;engagement est pris, accepte l&rsquo;engagement en confiance, consid\u00e9rant l&rsquo;importance de l&rsquo;enjeu, et la fiabilit\u00e9 de celui qui s&rsquo;engage. Le non respect de l&rsquo;engagement r\u00e9sonne n\u00e9gativement sur l&rsquo;ensemble du groupe, mais surtout sur celui qui a failli \u00e0 son engagement et qui en \u00e9prouve de la culpabilit\u00e9.<br \/>\nIl est bien possible que le groupe d\u00e9cide alors de d\u00e9gager celui qui a failli dans son engagement.<\/p>\n<p>En conclusion on peut attribuer \u00e0 l&rsquo;engagement trois caract\u00e9ristiques particuli\u00e8res :<\/p>\n<ul>\n<li>Une <strong>action cr\u00e9atrice<\/strong> parce qu&rsquo;une personne capable de s&rsquo;engager mobilise des ressources pour susciter une r\u00e9alit\u00e9 \u00e0 la hauteur de son exigence. Ainsi, l&rsquo;engagement poss\u00e8de r\u00e9ellement un pouvoir cr\u00e9ateur : \u00e0 travers lui, quelque chose a commenc\u00e9 d&rsquo;\u00eatre qui n&rsquo;existait pas auparavant. Il n&rsquo;en tient qu&rsquo;\u00e0 la personne qui s&rsquo;engage pour que cette cr\u00e9ation persiste dans le temps.<\/li>\n<li>Une <strong>action d&rsquo;affirmation de soi<\/strong> parce qu&rsquo;une personne qui respecte son engagement occupe sa place, se prouve \u00e0 elle-m\u00eame et aux autres qu&rsquo;elle est ma\u00eetre de son existence dans le temps. En s&rsquo;engageant, une personne n&rsquo;abandonne pas sa libert\u00e9, mais, au contraire, acc\u00e8de \u00e0 une nouvelle forme de libert\u00e9 : celle d&rsquo;ob\u00e9ir \u00e0 sa propre d\u00e9cision.<\/li>\n<li>Une <strong>action porteuse de sens<\/strong>. Tenir son engagement, c&rsquo;est faire un effort pour maintenir une certaine id\u00e9e de sa pr\u00e9sence dans le monde. En s&rsquo;engageant, une personne n&rsquo;agit plus par simple habitude ou selon ses instincts, mais adopte une norme personnelle, une norme qui lui sert de guide ou de rep\u00e8re.<\/li>\n<\/ul>\n<p>Ces quelques r\u00e9flexions conduisent \u00e0 penser qu&rsquo;il existe un lien entre l&rsquo;engagement et le sens qu&rsquo;une personne trouve dans sa vie.<\/p>\n<p>&nbsp;<\/p>\n","protected":false},"excerpt":{"rendered":"<p>Par Bernard Autrefois, lorsqu&rsquo;il \u00e9tait question d&rsquo;engagement, on parlait surtout des vocations \u00e0 rejoindre et \u00e0 se soumettre aux r\u00e8gles rigoureuses d&rsquo;institutions telles que l&rsquo;arm\u00e9e, la religion, la politique, les &#8230; <a title=\"L\u2019engagement. envies d\u2019agir, raisons d\u2019agir\" class=\"read-more\" href=\"https:\/\/intermedium.fr\/laquete\/2019\/09\/06\/lengagement-envies-dagir-raisons-dagir\/\" aria-label=\"Plus sur L\u2019engagement. envies d\u2019agir, raisons d\u2019agir\">Lire plus<\/a><\/p>\n","protected":false},"author":1,"featured_media":12356,"comment_status":"open","ping_status":"open","sticky":false,"template":"","format":"standard","meta":{"footnotes":""},"categories":[15,51,58],"tags":[98],"class_list":["post-12341","post","type-post","status-publish","format-standard","has-post-thumbnail","hentry","category-bernard","category-psycho","category-themes-mensuels","tag-septembre-2019","masonry-post","generate-columns","tablet-grid-50","mobile-grid-100","grid-parent","grid-25"],"_links":{"self":[{"href":"https:\/\/intermedium.fr\/laquete\/wp-json\/wp\/v2\/posts\/12341","targetHints":{"allow":["GET"]}}],"collection":[{"href":"https:\/\/intermedium.fr\/laquete\/wp-json\/wp\/v2\/posts"}],"about":[{"href":"https:\/\/intermedium.fr\/laquete\/wp-json\/wp\/v2\/types\/post"}],"author":[{"embeddable":true,"href":"https:\/\/intermedium.fr\/laquete\/wp-json\/wp\/v2\/users\/1"}],"replies":[{"embeddable":true,"href":"https:\/\/intermedium.fr\/laquete\/wp-json\/wp\/v2\/comments?post=12341"}],"version-history":[{"count":0,"href":"https:\/\/intermedium.fr\/laquete\/wp-json\/wp\/v2\/posts\/12341\/revisions"}],"wp:featuredmedia":[{"embeddable":true,"href":"https:\/\/intermedium.fr\/laquete\/wp-json\/wp\/v2\/media\/12356"}],"wp:attachment":[{"href":"https:\/\/intermedium.fr\/laquete\/wp-json\/wp\/v2\/media?parent=12341"}],"wp:term":[{"taxonomy":"category","embeddable":true,"href":"https:\/\/intermedium.fr\/laquete\/wp-json\/wp\/v2\/categories?post=12341"},{"taxonomy":"post_tag","embeddable":true,"href":"https:\/\/intermedium.fr\/laquete\/wp-json\/wp\/v2\/tags?post=12341"}],"curies":[{"name":"wp","href":"https:\/\/api.w.org\/{rel}","templated":true}]}}