{"id":12411,"date":"2019-09-05T09:48:49","date_gmt":"2019-09-05T07:48:49","guid":{"rendered":"https:\/\/colibris-nancy.fr\/?p=12411"},"modified":"2019-09-05T09:48:49","modified_gmt":"2019-09-05T07:48:49","slug":"les-artistes-de-la-vie","status":"publish","type":"post","link":"https:\/\/intermedium.fr\/laquete\/2019\/09\/05\/les-artistes-de-la-vie\/","title":{"rendered":"\u00ab\u00a0Les Artistes de la Vie\u00a0\u00bb"},"content":{"rendered":"<p>De Laurent FAVIA<\/p>\n<p>Si \u00e7a vous int\u00e9resse, je suis en lien avec Mathias le r\u00e9alisateur des doc \u00a0 \u00ab\u00a0On Passe \u00e0 l&rsquo;Acte \u00a0\u00a0\u00bb qui sort un film pour Septembre <strong>\u00a0 \u00ab\u00a0les Artistes de la Vie<\/strong>\u00a0\u00a0\u00a0\u00bb<\/p>\n<p>Bande Annonce\u00a0 :<\/p>\n<p><iframe loading=\"lazy\" title=\"Artistes de la Vie - bande annonce Cin\u00e9ma\" width=\"1200\" height=\"675\" src=\"https:\/\/www.youtube.com\/embed\/4r4rsrngLiY?feature=oembed\" frameborder=\"0\" allow=\"accelerometer; autoplay; clipboard-write; encrypted-media; gyroscope; picture-in-picture; web-share\" allowfullscreen><\/iframe><\/p>\n<p>Pourquoi ne pas faire cela de fa\u00e7on conjointe avec Pont \u00e0 Mousson, et Nancy , voire Strasbourg et Luxembourg ? qui sait si on arrivait \u00e0 faire d\u00e9placer qq&rsquo;1 de la bande \u00a0? sinon trouver des animateurs r\u00e9gionaux , Philippe Kuhn d&rsquo;EurOasis Strasbourg par ex ?<\/p>\n<p>Tout de bon<\/p>\n<p>Lo<\/p>\n","protected":false},"excerpt":{"rendered":"<p>De Laurent FAVIA Si \u00e7a vous int\u00e9resse, je suis en lien avec Mathias le r\u00e9alisateur des doc \u00a0 \u00ab\u00a0On Passe \u00e0 l&rsquo;Acte \u00a0\u00a0\u00bb qui sort un film pour Septembre \u00a0 &#8230; <a title=\"\u00ab\u00a0Les Artistes de la Vie\u00a0\u00bb\" class=\"read-more\" href=\"https:\/\/intermedium.fr\/laquete\/2019\/09\/05\/les-artistes-de-la-vie\/\" aria-label=\"Plus sur \u00ab\u00a0Les Artistes de la Vie\u00a0\u00bb\">Lire plus<\/a><\/p>\n","protected":false},"author":1,"featured_media":12415,"comment_status":"open","ping_status":"open","sticky":false,"template":"","format":"standard","meta":{"footnotes":""},"categories":[8,58],"tags":[98],"class_list":["post-12411","post","type-post","status-publish","format-standard","has-post-thumbnail","hentry","category-news-actualites","category-themes-mensuels","tag-septembre-2019","masonry-post","generate-columns","tablet-grid-50","mobile-grid-100","grid-parent","grid-25"],"_links":{"self":[{"href":"https:\/\/intermedium.fr\/laquete\/wp-json\/wp\/v2\/posts\/12411","targetHints":{"allow":["GET"]}}],"collection":[{"href":"https:\/\/intermedium.fr\/laquete\/wp-json\/wp\/v2\/posts"}],"about":[{"href":"https:\/\/intermedium.fr\/laquete\/wp-json\/wp\/v2\/types\/post"}],"author":[{"embeddable":true,"href":"https:\/\/intermedium.fr\/laquete\/wp-json\/wp\/v2\/users\/1"}],"replies":[{"embeddable":true,"href":"https:\/\/intermedium.fr\/laquete\/wp-json\/wp\/v2\/comments?post=12411"}],"version-history":[{"count":0,"href":"https:\/\/intermedium.fr\/laquete\/wp-json\/wp\/v2\/posts\/12411\/revisions"}],"wp:featuredmedia":[{"embeddable":true,"href":"https:\/\/intermedium.fr\/laquete\/wp-json\/wp\/v2\/media\/12415"}],"wp:attachment":[{"href":"https:\/\/intermedium.fr\/laquete\/wp-json\/wp\/v2\/media?parent=12411"}],"wp:term":[{"taxonomy":"category","embeddable":true,"href":"https:\/\/intermedium.fr\/laquete\/wp-json\/wp\/v2\/categories?post=12411"},{"taxonomy":"post_tag","embeddable":true,"href":"https:\/\/intermedium.fr\/laquete\/wp-json\/wp\/v2\/tags?post=12411"}],"curies":[{"name":"wp","href":"https:\/\/api.w.org\/{rel}","templated":true}]}}