{"id":12635,"date":"2019-10-01T11:05:44","date_gmt":"2019-10-01T09:05:44","guid":{"rendered":"https:\/\/colibris-nancy.fr\/?p=12635"},"modified":"2019-10-01T11:05:44","modified_gmt":"2019-10-01T09:05:44","slug":"le-chaos","status":"publish","type":"post","link":"https:\/\/intermedium.fr\/laquete\/2019\/10\/01\/le-chaos\/","title":{"rendered":"Le Chaos&#8230;"},"content":{"rendered":"<p>Par Nicole (Martin-Jacquot)<\/p>\n<p><em>Patchwork po\u00e9tique de la rencontre Qu\u00eate de sens du 19 septembre<br \/>\n<\/em>Chacun reconnaitra ses paroles, (j&rsquo;esp\u00e8re pas trop d\u00e9form\u00e9es ! )<\/p>\n<p>L&rsquo;image du n\u00e9nuphar, l&rsquo;exponentiel&#8230; le point de non retour ?<\/p>\n<p>La vie va prendre la forme dont elle a besoin.<br \/>\nLa peur : &lt; la mort fait partie de la vie<br \/>\n&lt; la peur engendre la violence<br \/>\nEt l&rsquo;in\u00e9luctable ?<\/p>\n<p>La plante, il faut qu&rsquo;elle meure&#8230;<br \/>\nTout se m\u00e9tamorphose, la nature en est une magnifique illustration&#8230;<br \/>\nLe chagrin, apprenons \u00e0 pleurer, venez pleurer&#8230;<br \/>\nFaire sa part dans la cr\u00e9ation du nouveau monde, changer&#8230;<br \/>\nOn n&rsquo;est plus soi-m\u00eame ( les obligations vaccinales, l&rsquo;eau satur\u00e9e )<\/p>\n<p>Faire le bilan, pourquoi nous sommes l\u00e0.<br \/>\nD&rsquo;o\u00f9 notre responsabilit\u00e9.<br \/>\nLes injonctions paradoxales (publicit\u00e9 d&rsquo;un g\u00e2teau suivi de \u00ab\u00a0bouger plus, etc&#8230;\u00a0 \u00ab\u00a0)<br \/>\nCe qu&rsquo;on ne veut plus\u00a0? ce que j&rsquo;aimerai.<\/p>\n<p>En tant que femme, je pr\u00e9f\u00e8re vivre \u00e0 mon \u00e9poque&#8230; mille fois.<br \/>\nIl y a 75 ans qu&rsquo;il n&rsquo;y a plus de guerre.<br \/>\nAlors, pourquoi\u00a0 ne fait-on plus confiance \u00e0 la vie ?<br \/>\nQu&rsquo;est ce qui fait qu&rsquo;on est s\u00fbr d&rsquo;aller dans le mur ?<\/p>\n<p>La non violence, sortir du \u00ab\u00a0j&rsquo;ai raison, tu as tort\u00a0\u00bb<br \/>\nQuel prix je suis pr\u00eat \u00e0 payer ?<br \/>\nViolence par rapport \u00e0 la consommation, li\u00e9e \u00e0 l&rsquo;\u00e9nergie ( r\u00e9f\u00e9rence \u00e0 l&rsquo;\u00e9mission Nos Terres inconnues sur France 2 cette semaine, le\u00e7on de communion a notre Terre, en Queyras\u00a0)<br \/>\nDemande toi ce qui te rend vivant, et fais le (Colibri)<\/p>\n<p>Qui peut nous \u00e9clairer quand on est dans la peur ?<br \/>\nLes philosophes sont inaccessibles, j&rsquo;aime les gens qui se rendent compr\u00e9hensibles \u00e0 tous.<br \/>\nLe Colibri, c&rsquo;est la mutualisation des individus&#8230;<br \/>\nLe colibri a une id\u00e9e et il la met en \u0153uvre (ex , Colibri et les migrants )<\/p>\n<p>On inspire une id\u00e9e, on les soutient, il faut faire&#8230;<\/p>\n<p><em><strong>\u00ab\u00a0Qu\u00eate de sens\u00a0\u00bb,<\/strong><\/em> pourrait-il poser des actes de sens, en la communiquant, en la donnant \u00e0 voir, \u00e0 entendre ?<br \/>\nInvitation \u00e0 \u00catre ? Invitation \u00e0 Faire ?<br \/>\nC&rsquo;est quoi \u00a0\u00bb le climat \u00a0\u00bb en Moi ?<br \/>\nLes diff\u00e9rentes dualit\u00e9s &lt;construction-destruction<br \/>\n&lt;ancien-nouveau<br \/>\n&lt;masculin-f\u00e9minin<br \/>\n&lt;violent-doux<\/p>\n<p><em><strong>\u00a0\u00a0\u00a0\u00a0\u00a0 Le Chaos ? Et si c&rsquo;\u00e9tait une bonne nouvelle&#8230;<\/strong><\/em><\/p>\n<p>&nbsp;<\/p>\n","protected":false},"excerpt":{"rendered":"<p>Par Nicole (Martin-Jacquot) Patchwork po\u00e9tique de la rencontre Qu\u00eate de sens du 19 septembre Chacun reconnaitra ses paroles, (j&rsquo;esp\u00e8re pas trop d\u00e9form\u00e9es ! ) L&rsquo;image du n\u00e9nuphar, l&rsquo;exponentiel&#8230; le point &#8230; <a title=\"Le Chaos&#8230;\" class=\"read-more\" href=\"https:\/\/intermedium.fr\/laquete\/2019\/10\/01\/le-chaos\/\" aria-label=\"Plus sur Le Chaos&#8230;\">Lire plus<\/a><\/p>\n","protected":false},"author":1,"featured_media":0,"comment_status":"open","ping_status":"open","sticky":false,"template":"","format":"standard","meta":{"footnotes":""},"categories":[58],"tags":[98],"class_list":["post-12635","post","type-post","status-publish","format-standard","hentry","category-themes-mensuels","tag-septembre-2019","masonry-post","generate-columns","tablet-grid-50","mobile-grid-100","grid-parent","grid-25"],"_links":{"self":[{"href":"https:\/\/intermedium.fr\/laquete\/wp-json\/wp\/v2\/posts\/12635","targetHints":{"allow":["GET"]}}],"collection":[{"href":"https:\/\/intermedium.fr\/laquete\/wp-json\/wp\/v2\/posts"}],"about":[{"href":"https:\/\/intermedium.fr\/laquete\/wp-json\/wp\/v2\/types\/post"}],"author":[{"embeddable":true,"href":"https:\/\/intermedium.fr\/laquete\/wp-json\/wp\/v2\/users\/1"}],"replies":[{"embeddable":true,"href":"https:\/\/intermedium.fr\/laquete\/wp-json\/wp\/v2\/comments?post=12635"}],"version-history":[{"count":0,"href":"https:\/\/intermedium.fr\/laquete\/wp-json\/wp\/v2\/posts\/12635\/revisions"}],"wp:attachment":[{"href":"https:\/\/intermedium.fr\/laquete\/wp-json\/wp\/v2\/media?parent=12635"}],"wp:term":[{"taxonomy":"category","embeddable":true,"href":"https:\/\/intermedium.fr\/laquete\/wp-json\/wp\/v2\/categories?post=12635"},{"taxonomy":"post_tag","embeddable":true,"href":"https:\/\/intermedium.fr\/laquete\/wp-json\/wp\/v2\/tags?post=12635"}],"curies":[{"name":"wp","href":"https:\/\/api.w.org\/{rel}","templated":true}]}}