{"id":12804,"date":"2019-10-27T11:55:37","date_gmt":"2019-10-27T10:55:37","guid":{"rendered":"https:\/\/colibris-nancy.fr\/?p=12804"},"modified":"2019-10-27T11:55:37","modified_gmt":"2019-10-27T10:55:37","slug":"pauvre-greta","status":"publish","type":"post","link":"https:\/\/intermedium.fr\/laquete\/2019\/10\/27\/pauvre-greta\/","title":{"rendered":"Pauvre Greta,"},"content":{"rendered":"<p>Par Bernard<\/p>\n<p>Non, je n&rsquo;ai pas envie de vous parler des nombreuses critiques dirig\u00e9es \u00e0 son encontre. Il y a assez de monde pour dire combien elle d\u00e9range, pour stigmatiser son arrogance, pour lui reprocher sa violence et son \u00ab\u00a0visage de cyborg qui ne sourit jamais\u00a0\u00bb.<\/p>\n<p>Je ne vais pas plus vous dire qu&rsquo;elle est g\u00e9niale d&rsquo;avoir su provoquer une \u00ab\u00a0insurrection des consciences \u00e9cologiques\u00a0\u00bb, et que\u00a0 finalement il n&rsquo;est pas certain que cela sera efficace pour r\u00e9soudre le probl\u00e8me du climat.<\/p>\n<p>Mais je dis \u00ab\u00a0pauvre Greta\u00a0\u00bb en pensant \u00e0 cette enfant que nous regardons tous comme une jeune fille, comme toutes celles de son \u00e2ge que nous connaissons, qui aurait r\u00e9ussi, gr\u00e2ce \u00e0 son intelligence et son courage, \u00e0 remuer le monde et toucher le c\u0153ur de chacun.<br \/>\nH\u00e9las ! elle n&rsquo;est pas une fillette comme les autres : elle est touch\u00e9e par le syndrome d&rsquo;Asperger et multiplie les difficult\u00e9s existentielles. C&rsquo;est m\u00eame cette particularit\u00e9 qui a fait d&rsquo;elle une ic\u00f4ne mondiale.<\/p>\n<p>On notera aussi qu&rsquo;elle est une petite-cousine de <strong>Svante August Arrhenius<\/strong>, prix Nobel de chimie en 1903, connu pour ses travaux pr\u00e9curseurs sur le r\u00e9chauffement climatique li\u00e9 \u00e0 l&rsquo;effet de serre et pour avoir alert\u00e9 sur le risque li\u00e9 \u00e0 la combustion sans limite des \u00e9nergies fossiles.<br \/>\nCette figure familiale c\u00e9l\u00e8bre, bien que lointaine, a pu l&rsquo;inspirer pour nourrir sa connaissance \u00e9cologique et son extraordinaire capacit\u00e9 de m\u00e9moire, mani\u00e8re de compenser un peu sa solitude, ses troubles alimentaires et la d\u00e9pression qui constituent son handicap.<\/p>\n<p>Alors oui, elle connait son sujet, mais est-elle pour autant capable d&rsquo;aborder l&rsquo;immensit\u00e9 des probl\u00e8mes g\u00e9opolitiques auxquels elle a d\u00fb faire face, depuis son sitting devant le parlement su\u00e9dois jusqu&rsquo;\u00e0 sa r\u00e9cente allocution aux Nations Unies ?<\/p>\n<p>Son \u00ab\u00a0sang froid\u00a0\u00bb, certains parleront d&rsquo;arrogance, est d\u00fb aux difficult\u00e9s \u00e0 percevoir les r\u00e8gles informelles de la vie sociale et les nuances, habituellement observ\u00e9es chez les personnes atteintes d&rsquo;autisme. C&rsquo;est ce qui explique l&rsquo;agressivit\u00e9 et la violence de ses propos. \u00ab\u00a0<em>Glaciale, elle a tap\u00e9 les \u00e9lus, elle a cogn\u00e9 les politiques, elle a frapp\u00e9 les chefs d\u2019entreprise, elle a gifl\u00e9 les adultes, elle a molest\u00e9 les journalistes, et le public a applaudi<\/em> !\u00a0\u00bb.<\/p>\n<p>Oui, \u00ab\u00a0l&rsquo;effet Greta Thunberg\u00a0\u00bb est extraordinaire (?). Elle a re\u00e7u beaucoup de prix et de distinctions ici et l\u00e0, de par le monde. L&rsquo;universit\u00e9 de Mons lui a m\u00eame d\u00e9cern\u00e9 le dipl\u00f4me de Docteur honoris causa&#8230;<br \/>\nMais peut-on seulement imaginer l&rsquo;organisation et les strat\u00e9gies qu&rsquo;il faut mettre en \u0153uvre pour un tel parcours ? A n&rsquo;en pas douter, ni vous ni moi n&rsquo;en serions capable !<\/p>\n<p>L&rsquo;id\u00e9e qui s&rsquo;impose \u00e9videmment est que la petite adolescente n&rsquo;est que la marionnette d&rsquo;une machination professionnelle occulte aux multiples ramifications (\u00e0 pr\u00e9sent mieux cern\u00e9es), qui profite de son handicap.<\/p>\n<p>Pauvre Greta, qui d\u00e8s ses 15 ans, est instrumentalis\u00e9e, d&rsquo;abord par ses parents et par d&rsquo;autres adultes peu scrupuleux, qui \u00ab\u00a0<em>en r\u00e9v\u00e9lant son lourd dossier psychiatrique en ont fait un bouclier humain inattaquable. Mettre en avant des enfants pr\u00e9sentant une souffrance est r\u00e9pugnant\u00a0mais d&rsquo;une efficacit\u00e9 redoutable\u00a0\u00bb.<\/em><\/p>\n<p>Oui, le monde entier est pi\u00e9g\u00e9 dans cet \u00ab\u00a0investissement \u00e9motionnel\u00a0\u00bb&#8230; mais il est aussi coupable, parce que c&rsquo;est cette pauvre Greta, qui est finalement victime d&rsquo;une violence extr\u00eame, qui lui vole son enfance, ses r\u00eaves et ses esp\u00e9rances. N&rsquo;est-on pas aussi responsable de ce qu&rsquo;on laisse faire ?<\/p>\n<p>L&rsquo;hyst\u00e9rie collective autour de ce ph\u00e9nom\u00e8ne pose incontestablement la question sensible des droits de l\u2019enfant et des droits de l&rsquo;adulte qu&rsquo;elle deviendra, dont on peut d&rsquo;ores et d\u00e9j\u00e0 parier que l&rsquo;avenir ne sera pas simple.<br \/>\nDe quel droit osons-nous ?<\/p>\n<p>Et on ne pourra jamais dire que c&rsquo;\u00e9tait pour la bonne cause&#8230;<\/p>\n","protected":false},"excerpt":{"rendered":"<p>Par Bernard Non, je n&rsquo;ai pas envie de vous parler des nombreuses critiques dirig\u00e9es \u00e0 son encontre. Il y a assez de monde pour dire combien elle d\u00e9range, pour stigmatiser &#8230; <a title=\"Pauvre Greta,\" class=\"read-more\" href=\"https:\/\/intermedium.fr\/laquete\/2019\/10\/27\/pauvre-greta\/\" aria-label=\"Plus sur Pauvre Greta,\">Lire plus<\/a><\/p>\n","protected":false},"author":1,"featured_media":12811,"comment_status":"open","ping_status":"open","sticky":false,"template":"","format":"standard","meta":{"footnotes":""},"categories":[15,58],"tags":[92],"class_list":["post-12804","post","type-post","status-publish","format-standard","has-post-thumbnail","hentry","category-bernard","category-themes-mensuels","tag-octobre-2019","masonry-post","generate-columns","tablet-grid-50","mobile-grid-100","grid-parent","grid-25"],"_links":{"self":[{"href":"https:\/\/intermedium.fr\/laquete\/wp-json\/wp\/v2\/posts\/12804","targetHints":{"allow":["GET"]}}],"collection":[{"href":"https:\/\/intermedium.fr\/laquete\/wp-json\/wp\/v2\/posts"}],"about":[{"href":"https:\/\/intermedium.fr\/laquete\/wp-json\/wp\/v2\/types\/post"}],"author":[{"embeddable":true,"href":"https:\/\/intermedium.fr\/laquete\/wp-json\/wp\/v2\/users\/1"}],"replies":[{"embeddable":true,"href":"https:\/\/intermedium.fr\/laquete\/wp-json\/wp\/v2\/comments?post=12804"}],"version-history":[{"count":0,"href":"https:\/\/intermedium.fr\/laquete\/wp-json\/wp\/v2\/posts\/12804\/revisions"}],"wp:featuredmedia":[{"embeddable":true,"href":"https:\/\/intermedium.fr\/laquete\/wp-json\/wp\/v2\/media\/12811"}],"wp:attachment":[{"href":"https:\/\/intermedium.fr\/laquete\/wp-json\/wp\/v2\/media?parent=12804"}],"wp:term":[{"taxonomy":"category","embeddable":true,"href":"https:\/\/intermedium.fr\/laquete\/wp-json\/wp\/v2\/categories?post=12804"},{"taxonomy":"post_tag","embeddable":true,"href":"https:\/\/intermedium.fr\/laquete\/wp-json\/wp\/v2\/tags?post=12804"}],"curies":[{"name":"wp","href":"https:\/\/api.w.org\/{rel}","templated":true}]}}