{"id":12932,"date":"2019-11-19T08:03:42","date_gmt":"2019-11-19T07:03:42","guid":{"rendered":"https:\/\/colibris-nancy.fr\/?p=12932"},"modified":"2019-11-19T08:03:42","modified_gmt":"2019-11-19T07:03:42","slug":"cache-pas-ta-joie-au-jardin-dla-zabelle","status":"publish","type":"post","link":"https:\/\/intermedium.fr\/laquete\/2019\/11\/19\/cache-pas-ta-joie-au-jardin-dla-zabelle\/","title":{"rendered":"Cache pas ta joie  au Jardin d&rsquo;la Zabelle"},"content":{"rendered":"<p>Bonjour \u00e0 tous,<\/p>\n<p>Je suis Alice Reynaud, vous m&rsquo;avez peut \u00eatre crois\u00e9 le 6 octobre avec ma cam\u00e9ra \u00e0 la main. Il m&rsquo;a fallu un peu de temps mais la vid\u00e9o est pr\u00eate \ud83d\ude42<\/p>\n<p><iframe loading=\"lazy\" title=\"Comment contribuer \u00e0 un monde meilleur et plus heureux ? (les rencontres d&#039;\u00e9cologie humaine)\" width=\"1200\" height=\"675\" src=\"https:\/\/www.youtube.com\/embed\/vR0-nyj3Ei0?feature=oembed\" frameborder=\"0\" allow=\"accelerometer; autoplay; clipboard-write; encrypted-media; gyroscope; picture-in-picture; web-share\" referrerpolicy=\"strict-origin-when-cross-origin\" allowfullscreen><\/iframe><\/p>\n<p>La vid\u00e9o est pour l&rsquo;instant sur ma cha\u00eene YouTube et sur mon compte Instagram (Cache Pas Ta Joie) et elle va arriver avec des sous titres sur Facebook mardi ou mercredi. N&rsquo;h\u00e9sitez pas \u00e0 la partager si le c\u0153ur vous en dit !<\/p>\n<p>Je profite de ce partage pour vous remercier tous pour cette belle journ\u00e9es et pour toutes ces belles rencontres, avec ou sans cam\u00e9ra.<\/p>\n<p>Au plaisir d&rsquo;\u00e9changer sur les r\u00e9seaux et en vrai<\/p>\n<p>Alice Reynaud<\/p>\n","protected":false},"excerpt":{"rendered":"<p>Bonjour \u00e0 tous, Je suis Alice Reynaud, vous m&rsquo;avez peut \u00eatre crois\u00e9 le 6 octobre avec ma cam\u00e9ra \u00e0 la main. Il m&rsquo;a fallu un peu de temps mais la &#8230; <a title=\"Cache pas ta joie  au Jardin d&rsquo;la Zabelle\" class=\"read-more\" href=\"https:\/\/intermedium.fr\/laquete\/2019\/11\/19\/cache-pas-ta-joie-au-jardin-dla-zabelle\/\" aria-label=\"Plus sur Cache pas ta joie  au Jardin d&rsquo;la Zabelle\">Lire plus<\/a><\/p>\n","protected":false},"author":1,"featured_media":12935,"comment_status":"open","ping_status":"open","sticky":false,"template":"","format":"standard","meta":{"footnotes":""},"categories":[8,58],"tags":[82,90],"class_list":["post-12932","post","type-post","status-publish","format-standard","has-post-thumbnail","hentry","category-news-actualites","category-themes-mensuels","tag-janvier-2020","tag-novembre-2019","masonry-post","generate-columns","tablet-grid-50","mobile-grid-100","grid-parent","grid-25"],"_links":{"self":[{"href":"https:\/\/intermedium.fr\/laquete\/wp-json\/wp\/v2\/posts\/12932","targetHints":{"allow":["GET"]}}],"collection":[{"href":"https:\/\/intermedium.fr\/laquete\/wp-json\/wp\/v2\/posts"}],"about":[{"href":"https:\/\/intermedium.fr\/laquete\/wp-json\/wp\/v2\/types\/post"}],"author":[{"embeddable":true,"href":"https:\/\/intermedium.fr\/laquete\/wp-json\/wp\/v2\/users\/1"}],"replies":[{"embeddable":true,"href":"https:\/\/intermedium.fr\/laquete\/wp-json\/wp\/v2\/comments?post=12932"}],"version-history":[{"count":0,"href":"https:\/\/intermedium.fr\/laquete\/wp-json\/wp\/v2\/posts\/12932\/revisions"}],"wp:featuredmedia":[{"embeddable":true,"href":"https:\/\/intermedium.fr\/laquete\/wp-json\/wp\/v2\/media\/12935"}],"wp:attachment":[{"href":"https:\/\/intermedium.fr\/laquete\/wp-json\/wp\/v2\/media?parent=12932"}],"wp:term":[{"taxonomy":"category","embeddable":true,"href":"https:\/\/intermedium.fr\/laquete\/wp-json\/wp\/v2\/categories?post=12932"},{"taxonomy":"post_tag","embeddable":true,"href":"https:\/\/intermedium.fr\/laquete\/wp-json\/wp\/v2\/tags?post=12932"}],"curies":[{"name":"wp","href":"https:\/\/api.w.org\/{rel}","templated":true}]}}