{"id":13224,"date":"2020-01-10T08:58:35","date_gmt":"2020-01-10T07:58:35","guid":{"rendered":"https:\/\/colibris-nancy.fr\/?p=13224"},"modified":"2020-01-10T08:58:35","modified_gmt":"2020-01-10T07:58:35","slug":"flore-54-participe-au-projet-des-pollinizacteurs-vendredi-10-et-samedi-11-janvier-2020-domaine-de-lasnee-a-villers-les-nancy","status":"publish","type":"post","link":"https:\/\/intermedium.fr\/laquete\/2020\/01\/10\/flore-54-participe-au-projet-des-pollinizacteurs-vendredi-10-et-samedi-11-janvier-2020-domaine-de-lasnee-a-villers-les-nancy\/","title":{"rendered":"FLORE 54 participe au projet des Polliniz&rsquo;acteurs Vendredi 10 et samedi 11 janvier 2020  Domaine de l&rsquo;Asn\u00e9e \u00e0 Villers-les-Nancy"},"content":{"rendered":"<p><img loading=\"lazy\" decoding=\"async\" class=\"wp-image-13225 size-large aligncenter\" src=\"https:\/\/colibris-nancy.fr\/wp-content\/uploads\/2020\/01\/Polinizacteurs2-716x1024.jpg\" alt=\"\" width=\"716\" height=\"1024\" \/><\/p>\n<p><strong>A ne pas manquer ce week-end &#8211; FLORE 54 participe au projet et sera pr\u00e9sente<\/strong><\/p>\n<p><strong>le vendredi 10 et samedi 11 janvier 2020 au Domaine de l&rsquo;Asn\u00e9e \u00e0 Villers-les-Nancy<\/strong>.<\/p>\n<p>Nous sommes soutenus par plusieurs partenaires : Api &#8211; Est , Apis&amp;Love, Domaine de l&rsquo;Asn\u00e9e, Flore 54, It&rsquo;s my Beesiness, Les Ruchers Houdemontais, Universit\u00e9 de Lorraine\/ IUT Nancy Brabois et la ville de Villers-les-Nancy.<\/p>\n<p>Dans le cadre de notre licence professionnelle d&rsquo;agronomie, nous sommes des \u00e9tudiantes qui voulons sensibiliser le grand public aux probl\u00e9matiques des abeilles.<\/p>\n<p>Au programme : conf\u00e9rence, march\u00e9 d&rsquo;artisans, animations, buvette, lots \u00e0 gagner.<\/p>\n<p>Gratuit- Entr\u00e9e libre. nous vous attendons nombreux.<\/p>\n<p><strong>\u00a0Merci d&rsquo;avance de l&rsquo;accueil que vous r\u00e9serverez \u00e0 cette invitation et n&rsquo;h\u00e9sitez pas \u00e0 faire suivre ce message dans vos r\u00e9seaux.<\/strong><\/p>\n<p>&nbsp;<\/p>\n<p><strong>Cordialement\u00a0<\/strong><\/p>\n<p><strong>Les polliniz&rsquo;acteurs\u00a0<\/strong><\/p>\n<p><strong>06 48 09 55 13<\/strong><\/p>\n","protected":false},"excerpt":{"rendered":"<p>A ne pas manquer ce week-end &#8211; FLORE 54 participe au projet et sera pr\u00e9sente le vendredi 10 et samedi 11 janvier 2020 au Domaine de l&rsquo;Asn\u00e9e \u00e0 Villers-les-Nancy. Nous &#8230; <a title=\"FLORE 54 participe au projet des Polliniz&rsquo;acteurs Vendredi 10 et samedi 11 janvier 2020  Domaine de l&rsquo;Asn\u00e9e \u00e0 Villers-les-Nancy\" class=\"read-more\" href=\"https:\/\/intermedium.fr\/laquete\/2020\/01\/10\/flore-54-participe-au-projet-des-pollinizacteurs-vendredi-10-et-samedi-11-janvier-2020-domaine-de-lasnee-a-villers-les-nancy\/\" aria-label=\"Plus sur FLORE 54 participe au projet des Polliniz&rsquo;acteurs Vendredi 10 et samedi 11 janvier 2020  Domaine de l&rsquo;Asn\u00e9e \u00e0 Villers-les-Nancy\">Lire plus<\/a><\/p>\n","protected":false},"author":1,"featured_media":13226,"comment_status":"open","ping_status":"open","sticky":false,"template":"","format":"standard","meta":{"footnotes":""},"categories":[8],"tags":[],"class_list":["post-13224","post","type-post","status-publish","format-standard","has-post-thumbnail","hentry","category-news-actualites","masonry-post","generate-columns","tablet-grid-50","mobile-grid-100","grid-parent","grid-25"],"_links":{"self":[{"href":"https:\/\/intermedium.fr\/laquete\/wp-json\/wp\/v2\/posts\/13224","targetHints":{"allow":["GET"]}}],"collection":[{"href":"https:\/\/intermedium.fr\/laquete\/wp-json\/wp\/v2\/posts"}],"about":[{"href":"https:\/\/intermedium.fr\/laquete\/wp-json\/wp\/v2\/types\/post"}],"author":[{"embeddable":true,"href":"https:\/\/intermedium.fr\/laquete\/wp-json\/wp\/v2\/users\/1"}],"replies":[{"embeddable":true,"href":"https:\/\/intermedium.fr\/laquete\/wp-json\/wp\/v2\/comments?post=13224"}],"version-history":[{"count":0,"href":"https:\/\/intermedium.fr\/laquete\/wp-json\/wp\/v2\/posts\/13224\/revisions"}],"wp:featuredmedia":[{"embeddable":true,"href":"https:\/\/intermedium.fr\/laquete\/wp-json\/wp\/v2\/media\/13226"}],"wp:attachment":[{"href":"https:\/\/intermedium.fr\/laquete\/wp-json\/wp\/v2\/media?parent=13224"}],"wp:term":[{"taxonomy":"category","embeddable":true,"href":"https:\/\/intermedium.fr\/laquete\/wp-json\/wp\/v2\/categories?post=13224"},{"taxonomy":"post_tag","embeddable":true,"href":"https:\/\/intermedium.fr\/laquete\/wp-json\/wp\/v2\/tags?post=13224"}],"curies":[{"name":"wp","href":"https:\/\/api.w.org\/{rel}","templated":true}]}}