{"id":13240,"date":"2020-01-12T11:18:41","date_gmt":"2020-01-12T10:18:41","guid":{"rendered":"https:\/\/colibris-nancy.fr\/?p=13240"},"modified":"2020-01-12T11:18:41","modified_gmt":"2020-01-12T10:18:41","slug":"lecologie-humaine-une-priorite-des-colibris","status":"publish","type":"post","link":"https:\/\/intermedium.fr\/laquete\/2020\/01\/12\/lecologie-humaine-une-priorite-des-colibris\/","title":{"rendered":"L&rsquo;\u00e9cologie humaine, une priorit\u00e9 des \u00ab\u00a0Colibris\u00a0\u00bb."},"content":{"rendered":"<p>par Bernard<\/p>\n<blockquote>\n<h3>Une nouvelle fa\u00e7on de regarder l&rsquo;\u00e9cologie : non seulement pour pr\u00e9server la plan\u00e8te, mais avant tout, pour que les humains puissent y vivre heureux.<\/h3>\n<\/blockquote>\n<p>Aujourd&rsquo;hui, tout le monde parle d&rsquo;\u00e9cologie en \u00e9voquant soit les militants politiques, soit les partisans de l&rsquo;\u00e9cologisme ou encore les experts scientifiques \u00e9cologues. Certains diraient en quoi consiste cette \u00ab\u00a0science de l&rsquo;environnement\u00a0\u00bb : le r\u00e9chauffement climatique, les gaz \u00e0 effet de serre, la pollution et le respect de la nature, les bonnes pratiques et peut-\u00eatre m\u00eame celles qu&rsquo;ils mettent personnellement en \u0153uvre pour faire leur part.<\/p>\n<p>Et si l&rsquo;on analyse ce qui est habituellement propos\u00e9 pour \u00e9viter la fonte des glaces polaires, la production de CO\u00b2, l&rsquo;\u00e9puisement des ressources, la perte de la biodiversit\u00e9, voire le&nbsp; grand effondrement, on observe que les solutions consistent g\u00e9n\u00e9ralement \u00e0 r\u00e9duire l&rsquo;impact de l&rsquo;activit\u00e9 humaine. Ainsi est-on attentif \u00e0 limiter les transports, \u00e0 r\u00e9duire les rejets industriels, \u00e0 cr\u00e9er des taxes carbone, \u00e0 \u00e9conomiser l&rsquo;\u00e9nergie, \u00e0 supprimer les d\u00e9chets, etc&#8230;<\/p>\n<p>En fait on ne se pr\u00e9occupe que de l&rsquo;\u00e9tat de la nature et on oublie que l&rsquo;homme fait partie de la nature et, qu&rsquo;\u00e0 ce titre, il m\u00e9rite au moins autant de soin et d&rsquo;attention que la plan\u00e8te.<\/p>\n<p>Il n&rsquo;est certes pas question de r\u00e9duire nos efforts pour r\u00e9duire l&rsquo;impact de l&rsquo;activit\u00e9 humaine sur la plan\u00e8te, mais force est de constater que l\u2019\u00e9cologie s\u2019est d\u2019abord construite sans l\u2019homme, puis contre l\u2019homme comme l&rsquo;indique la liste des <a href=\"https:\/\/www.ecologique-solidaire.gouv.fr\/\">recommandations officielles<\/a>.<\/p>\n<p>L\u2019<strong>\u00e9cologie<\/strong> <strong>humaine<\/strong> que nous proposons comme th\u00e8me de r\u00e9flexion de l&rsquo;ann\u00e9e, souhaite se faire avec et pour l\u2019homme. Le projet de cette nouvelle approche consiste \u00e0 placer l&rsquo;homme au centre de nos pr\u00e9occupations \u00e9cologiques, en consid\u00e9rant que toutes les autres approches \u00e9cologiques doivent y \u00eatre subordonn\u00e9es.<\/p>\n<p><strong>En fait, il ne s&rsquo;agit plus seulement de s&rsquo;inqui\u00e9ter de quelle plan\u00e8te nous laisserons \u00e0 nos enfants, mais aussi de quels enfants nous laisserons \u00e0 la plan\u00e8te,<\/strong> comme le rappelle souvent Pierre Rabhi.<\/p>\n<p>Ainsi, chez Colibris, nous avons pris quelques longueurs d&rsquo;avance. Sous l&rsquo;influence de Pierre Rabhi, notre \u00ab\u00a0mouvement\u00a0\u00bb a d\u00e9j\u00e0 ouvert cette voie, notamment lors de la campagne intitul\u00e9e \u00ab\u00a0La (R)\u00e9volution int\u00e9rieure\u00a0\u00bb qui a \u00e9t\u00e9 relay\u00e9e ici et l\u00e0 par les groupes locaux. C&rsquo;est ainsi qu&rsquo;\u00e0 Nancy un Atelier \u00ab\u00a0Qu\u00eate de sens\u00a0\u00bb a \u00e9t\u00e9 ouvert depuis 2016, avec la conviction que l\u2019homme est la solution de nos probl\u00e8mes environnementaux.<\/p>\n<p>En effet, l\u2019\u00e9cologie humaine \u00e9tudie les soci\u00e9t\u00e9s, les groupes d\u2019hommes, leurs besoins et leurs interrelations avec leur environnement (physique, \u00e9conomique, humain, social). C\u2019est la prise en compte du \u00ab\u00a0sens\u00a0\u00bb, de la fa\u00e7on dont chacun habite le monde, son monde, comment il le pense, l\u2019imagine, le repr\u00e9sente et veut le transmettre.<br \/>L\u2019\u00e9cologie humaine rel\u00e8ve ainsi plus de la m\u00e9thode et de l\u2019approche que d\u2019une science \u00e0 proprement parler. C&rsquo;est une approche aussi vaste que diverse, incluant l&rsquo;action et les r\u00e9alit\u00e9s concr\u00e8tes valid\u00e9es par la r\u00e9flexion et les valeurs humaines.<\/p>\n<p>Le projet fondamental \u00e9tant l&rsquo;humanisation de l&rsquo;humanit\u00e9, on peut citer des quantit\u00e9s d&rsquo;initiatives qui vont d\u00e9j\u00e0 dans ce sens : la transition vers le bio, l&rsquo;\u00e9galit\u00e9 homme-femme, l&rsquo;allongement de la dur\u00e9e de vie&#8230; Mais il reste beaucoup de sujets qui prosp\u00e8rent moins efficacement : le respect de la personne, la bienveillance, le lien social, la justice, la r\u00e9duction des violences, etc&#8230; &nbsp;dont les incidences sont essentielles dans nos rapports \u00e0 l&rsquo;environnement et entre les humains. (Il ne s&rsquo;agit pas d&rsquo;imposer une morale, mais simplement, d&rsquo;inspirer le vif d\u00e9sir de partager les valeurs sp\u00e9cifiques de l\u2019humanit\u00e9). Ainsi, les progr\u00e8s scientifiques et l&rsquo;intelligence artificielle ne sont pas sans poser de nouvelles questions \u00e9thiques qui devraient pour le moins d\u00e9terminer leur degr\u00e9 de faisabilit\u00e9. (Exemples : la reconnaissance faciale, la 5G&#8230;).<br \/>Voil\u00e0 bien du grain \u00e0 moudre pour des Colibris motiv\u00e9s.<\/p>\n<p>Assur\u00e9ment l&rsquo;\u00e9cologie humaine, choisie comme th\u00e8me de l&rsquo;ann\u00e9e, donnera \u00e0 chacun l&rsquo;occasion de pr\u00e9ciser la part qu&rsquo;il voudra r\u00e9server \u00e0 la construction d&rsquo;<strong>un monde<\/strong> <strong>plus respectueux de l&rsquo;homme et de la nature<\/strong>.<\/p>\n<p>Ainsi, comme l&rsquo;an pass\u00e9, le th\u00e8me du mois sera nourri de vos suggestions et de la documentation que vous voudrez bien nous proposer. Nous vous en remercions par avance.<\/p>\n<p>On notera que \u00ab\u00a0\u00c9cologie humaine\u00a0\u00bb fait l&rsquo;objet d&rsquo;un <a href=\"https:\/\/intermedium.fr\/laquete\/wp-content\/uploads\/2020\/01\/Certificat_International_Ecologie_Humaine_Pau.pdf\" target=\"_blank\" rel=\"noopener noreferrer\">cycle universitaire \u00e0 Pau<\/a> qui fait s\u00fbrement r\u00e9f\u00e9rence en la mati\u00e8re. <a href=\"https:\/\/www.univ-pau.fr\/\">https:\/\/www.univ-pau.fr\/<\/a><\/p>\n<p>Mais cette appellation est aussi utilis\u00e9e par des entit\u00e9s politiques ou religieuses qui l&rsquo;agr\u00e9mentent \u00e0 leur profit. Des convergences sur le fond sont donc in\u00e9vitables, mais Colibris-Nancy se d\u00e9clare libre et ind\u00e9pendant de ces courants de pens\u00e9e.<\/p>\n\n","protected":false},"excerpt":{"rendered":"<p>par Bernard Une nouvelle fa\u00e7on de regarder l&rsquo;\u00e9cologie : non seulement pour pr\u00e9server la plan\u00e8te, mais avant tout, pour que les humains puissent y vivre heureux. Aujourd&rsquo;hui, tout le monde &#8230; <a title=\"L&rsquo;\u00e9cologie humaine, une priorit\u00e9 des \u00ab\u00a0Colibris\u00a0\u00bb.\" class=\"read-more\" href=\"https:\/\/intermedium.fr\/laquete\/2020\/01\/12\/lecologie-humaine-une-priorite-des-colibris\/\" aria-label=\"Plus sur L&rsquo;\u00e9cologie humaine, une priorit\u00e9 des \u00ab\u00a0Colibris\u00a0\u00bb.\">Lire plus<\/a><\/p>\n","protected":false},"author":1,"featured_media":13212,"comment_status":"open","ping_status":"open","sticky":false,"template":"","format":"standard","meta":{"footnotes":""},"categories":[15,58],"tags":[82],"class_list":["post-13240","post","type-post","status-publish","format-standard","has-post-thumbnail","hentry","category-bernard","category-themes-mensuels","tag-janvier-2020","masonry-post","generate-columns","tablet-grid-50","mobile-grid-100","grid-parent","grid-25"],"_links":{"self":[{"href":"https:\/\/intermedium.fr\/laquete\/wp-json\/wp\/v2\/posts\/13240","targetHints":{"allow":["GET"]}}],"collection":[{"href":"https:\/\/intermedium.fr\/laquete\/wp-json\/wp\/v2\/posts"}],"about":[{"href":"https:\/\/intermedium.fr\/laquete\/wp-json\/wp\/v2\/types\/post"}],"author":[{"embeddable":true,"href":"https:\/\/intermedium.fr\/laquete\/wp-json\/wp\/v2\/users\/1"}],"replies":[{"embeddable":true,"href":"https:\/\/intermedium.fr\/laquete\/wp-json\/wp\/v2\/comments?post=13240"}],"version-history":[{"count":0,"href":"https:\/\/intermedium.fr\/laquete\/wp-json\/wp\/v2\/posts\/13240\/revisions"}],"wp:featuredmedia":[{"embeddable":true,"href":"https:\/\/intermedium.fr\/laquete\/wp-json\/wp\/v2\/media\/13212"}],"wp:attachment":[{"href":"https:\/\/intermedium.fr\/laquete\/wp-json\/wp\/v2\/media?parent=13240"}],"wp:term":[{"taxonomy":"category","embeddable":true,"href":"https:\/\/intermedium.fr\/laquete\/wp-json\/wp\/v2\/categories?post=13240"},{"taxonomy":"post_tag","embeddable":true,"href":"https:\/\/intermedium.fr\/laquete\/wp-json\/wp\/v2\/tags?post=13240"}],"curies":[{"name":"wp","href":"https:\/\/api.w.org\/{rel}","templated":true}]}}