{"id":13467,"date":"2020-02-17T10:24:54","date_gmt":"2020-02-17T09:24:54","guid":{"rendered":"https:\/\/colibris-nancy.fr\/?p=13467"},"modified":"2020-02-17T10:24:54","modified_gmt":"2020-02-17T09:24:54","slug":"la-serre-a-projets-lance-son-appel-a-candidatures","status":"publish","type":"post","link":"https:\/\/intermedium.fr\/laquete\/2020\/02\/17\/la-serre-a-projets-lance-son-appel-a-candidatures\/","title":{"rendered":"La Serre \u00e0 projets lance son appel \u00e0 candidatures !"},"content":{"rendered":"<p>L&rsquo;appel \u00e0 candidatures de la Serre \u00e0 projets est <strong>lanc\u00e9 depuis le lundi 20 janvier 2020 et jusqu&rsquo;au 15 mars 2020 !<\/strong><\/p>\n<p>7 id\u00e9es de nouvelles activit\u00e9s au service de la transition \u00e9cologique du territoire ont \u00e9t\u00e9 remont\u00e9es du terrain depuis septembre 2019, et cherchent maintenant leurs porteurs :<\/p>\n<ul>\n<li>Un Tiers lieu de la transition \u00e9cologique<\/li>\n<li>Une conserverie locale<\/li>\n<li>Une cantine solidaire<\/li>\n<li>Un dispositif de sensibilisation\/formation \u00e0 l&rsquo;alimentation responsable.<\/li>\n<li>Une recyclerie<\/li>\n<li>Une trucoth\u00e8que<\/li>\n<li>Un service de consigne du verre.<\/li>\n<\/ul>\n<p>Il est aussi possible de se positionner avec son propre projet !<\/p>\n<p>Cet appel \u00e0 candidatures est tr\u00e8s large et souple : les variantes sont possibles, les r\u00e9ponses collectives sont encourag\u00e9es, nul besoin qu&rsquo;une personne morale ne soit d\u00e9j\u00e0 cr\u00e9\u00e9e, le porteur peut ne pas encore \u00eatre pr\u00e9sent sur le territoire, etc\u2026<\/p>\n<p>Notez \u00e9galement qu&rsquo;un afterwork d&rsquo;\u00e9changes autour de cet appel \u00e0 candidatures est pr\u00e9vu le jeudi 13 f\u00e9vrier en fin d&rsquo;apr\u00e8s-midi. Informations \u00e0 suivre !<\/p>\n<p>Vous pouvez retrouver tous les \u00e9l\u00e9ments relatifs \u00e0 cet appel \u00e0 candidatures \u00e0 cette adresse : <a href=\"https:\/\/www.laserre.org\/appel-a-candidature\/\">https:\/\/www.laserre.org\/appel-a-candidature\/<\/a><\/p>\n<p>N&rsquo;h\u00e9sitez \u00e0 le diffuser largement dans vos r\u00e9seaux !<\/p>\n","protected":false},"excerpt":{"rendered":"<p>L&rsquo;appel \u00e0 candidatures de la Serre \u00e0 projets est lanc\u00e9 depuis le lundi 20 janvier 2020 et jusqu&rsquo;au 15 mars 2020 ! 7 id\u00e9es de nouvelles activit\u00e9s au service de &#8230; <a title=\"La Serre \u00e0 projets lance son appel \u00e0 candidatures !\" class=\"read-more\" href=\"https:\/\/intermedium.fr\/laquete\/2020\/02\/17\/la-serre-a-projets-lance-son-appel-a-candidatures\/\" aria-label=\"Plus sur La Serre \u00e0 projets lance son appel \u00e0 candidatures !\">Lire plus<\/a><\/p>\n","protected":false},"author":1,"featured_media":13468,"comment_status":"open","ping_status":"open","sticky":false,"template":"","format":"standard","meta":{"footnotes":""},"categories":[8],"tags":[],"class_list":["post-13467","post","type-post","status-publish","format-standard","has-post-thumbnail","hentry","category-news-actualites","masonry-post","generate-columns","tablet-grid-50","mobile-grid-100","grid-parent","grid-25"],"_links":{"self":[{"href":"https:\/\/intermedium.fr\/laquete\/wp-json\/wp\/v2\/posts\/13467","targetHints":{"allow":["GET"]}}],"collection":[{"href":"https:\/\/intermedium.fr\/laquete\/wp-json\/wp\/v2\/posts"}],"about":[{"href":"https:\/\/intermedium.fr\/laquete\/wp-json\/wp\/v2\/types\/post"}],"author":[{"embeddable":true,"href":"https:\/\/intermedium.fr\/laquete\/wp-json\/wp\/v2\/users\/1"}],"replies":[{"embeddable":true,"href":"https:\/\/intermedium.fr\/laquete\/wp-json\/wp\/v2\/comments?post=13467"}],"version-history":[{"count":0,"href":"https:\/\/intermedium.fr\/laquete\/wp-json\/wp\/v2\/posts\/13467\/revisions"}],"wp:featuredmedia":[{"embeddable":true,"href":"https:\/\/intermedium.fr\/laquete\/wp-json\/wp\/v2\/media\/13468"}],"wp:attachment":[{"href":"https:\/\/intermedium.fr\/laquete\/wp-json\/wp\/v2\/media?parent=13467"}],"wp:term":[{"taxonomy":"category","embeddable":true,"href":"https:\/\/intermedium.fr\/laquete\/wp-json\/wp\/v2\/categories?post=13467"},{"taxonomy":"post_tag","embeddable":true,"href":"https:\/\/intermedium.fr\/laquete\/wp-json\/wp\/v2\/tags?post=13467"}],"curies":[{"name":"wp","href":"https:\/\/api.w.org\/{rel}","templated":true}]}}