{"id":13851,"date":"2020-03-08T16:26:27","date_gmt":"2020-03-08T15:26:27","guid":{"rendered":"https:\/\/colibris-nancy.fr\/?p=13851"},"modified":"2020-03-08T16:26:27","modified_gmt":"2020-03-08T15:26:27","slug":"je-suis-liane-langenbach","status":"publish","type":"post","link":"https:\/\/intermedium.fr\/laquete\/2020\/03\/08\/je-suis-liane-langenbach\/","title":{"rendered":"Je suis Liane Langenbach"},"content":{"rendered":"<p class=\"has-text-color has-medium-font-size\">Je suis une illustratrice graphiste qui travaille essentiellement autour de la th\u00e9matique de l\u2019\u00e9cologie.<\/p>\n<p>Ce qui m\u2019anime, entre autres :<br \/>\nL\u2019illustration, num\u00e9rique ou \u00e0 l\u2019aquarelle<\/p>\n<ul>\n<li class=\"has-background\"><em>Le mouvement Z\u00e9ro D\u00e9chet <\/em><\/li>\n<li class=\"has-background\">La vie avec mon ch\u00e9ri et notre chat<\/li>\n<li class=\"has-background\"><em>Le minimalisme <\/em><\/li>\n<li class=\"has-background\">Les voyages et les d\u00e9couvertes culinaires qui vont avec<\/li>\n<li class=\"has-background\"><em>Courir en ville ou en for\u00eat<\/em><\/li>\n<\/ul>\n<h3><strong>Mon activit\u00e9 d\u2019illustratrice me permet d\u2019allier tout \u00e7a<\/strong> :<\/h3>\n<div class=\"wp-block-columns\">\n<div class=\"wp-block-column\">\n<p>1\u00a0 En aidant <strong>des entreprises \u00e9cologiques ou des acteurs du changement <\/strong>\u00e0 d\u00e9velopper leurs supports de communication de fa\u00e7on illustr\u00e9e ;<\/p>\n<p>2\u00a0 En collaborant avec<strong> des auteurs et des \u00e9diteurs <\/strong>pour illustrer des livres ou des articles sur des sujets comme le z\u00e9ro d\u00e9chet, la sant\u00e9 naturelle ou le minimalisme ;<\/p>\n<p>3\u00a0 En \u00e9crivant <strong>des articles <\/strong>et en proposant <strong>des ressources illustr\u00e9es <\/strong>pour informer sur l\u2019\u00e9cologie, que je mets \u00e0 disposition sur ce site.<\/p>\n<\/div>\n<\/div>\n","protected":false},"excerpt":{"rendered":"<p>Je suis une illustratrice graphiste qui travaille essentiellement autour de la th\u00e9matique de l\u2019\u00e9cologie. Ce qui m\u2019anime, entre autres : L\u2019illustration, num\u00e9rique ou \u00e0 l\u2019aquarelle Le mouvement Z\u00e9ro D\u00e9chet La &#8230; <a title=\"Je suis Liane Langenbach\" class=\"read-more\" href=\"https:\/\/intermedium.fr\/laquete\/2020\/03\/08\/je-suis-liane-langenbach\/\" aria-label=\"Plus sur Je suis Liane Langenbach\">Lire plus<\/a><\/p>\n","protected":false},"author":1,"featured_media":13847,"comment_status":"open","ping_status":"open","sticky":false,"template":"","format":"standard","meta":{"footnotes":""},"categories":[23],"tags":[],"class_list":["post-13851","post","type-post","status-publish","format-standard","has-post-thumbnail","hentry","category-dossier","masonry-post","generate-columns","tablet-grid-50","mobile-grid-100","grid-parent","grid-25"],"_links":{"self":[{"href":"https:\/\/intermedium.fr\/laquete\/wp-json\/wp\/v2\/posts\/13851","targetHints":{"allow":["GET"]}}],"collection":[{"href":"https:\/\/intermedium.fr\/laquete\/wp-json\/wp\/v2\/posts"}],"about":[{"href":"https:\/\/intermedium.fr\/laquete\/wp-json\/wp\/v2\/types\/post"}],"author":[{"embeddable":true,"href":"https:\/\/intermedium.fr\/laquete\/wp-json\/wp\/v2\/users\/1"}],"replies":[{"embeddable":true,"href":"https:\/\/intermedium.fr\/laquete\/wp-json\/wp\/v2\/comments?post=13851"}],"version-history":[{"count":0,"href":"https:\/\/intermedium.fr\/laquete\/wp-json\/wp\/v2\/posts\/13851\/revisions"}],"wp:featuredmedia":[{"embeddable":true,"href":"https:\/\/intermedium.fr\/laquete\/wp-json\/wp\/v2\/media\/13847"}],"wp:attachment":[{"href":"https:\/\/intermedium.fr\/laquete\/wp-json\/wp\/v2\/media?parent=13851"}],"wp:term":[{"taxonomy":"category","embeddable":true,"href":"https:\/\/intermedium.fr\/laquete\/wp-json\/wp\/v2\/categories?post=13851"},{"taxonomy":"post_tag","embeddable":true,"href":"https:\/\/intermedium.fr\/laquete\/wp-json\/wp\/v2\/tags?post=13851"}],"curies":[{"name":"wp","href":"https:\/\/api.w.org\/{rel}","templated":true}]}}