{"id":13921,"date":"2020-05-04T11:19:55","date_gmt":"2020-05-04T09:19:55","guid":{"rendered":"https:\/\/colibris-nancy.fr\/?p=13921"},"modified":"2020-05-04T11:19:55","modified_gmt":"2020-05-04T09:19:55","slug":"trop-cest-trop","status":"publish","type":"post","link":"https:\/\/intermedium.fr\/laquete\/2020\/05\/04\/trop-cest-trop\/","title":{"rendered":"Apr\u00e8s, c&rsquo;est maintenant&#8230;"},"content":{"rendered":"<blockquote>\n<h3>\u201cCe qui a lieu dans le monde est trop pathologique pour qu\u2019il n\u2019y ait pas une sant\u00e9 quelque part.<br \/>\nC\u2019est trop haineux pour qu\u2019il n\u2019y ait pas une bont\u00e9.<br \/>\nC\u2019est trop absurde pour qu\u2019il n\u2019y ait pas une v\u00e9rit\u00e9.<br \/>\nC\u2019est trop b\u00eate pour qu\u2019il n\u2019y ait pas une intelligence.<br \/>\nC\u2019est trop d\u00e9sesp\u00e9r\u00e9 pour qu\u2019il n\u2019y ait pas une esp\u00e9rance.<br \/>\nC\u2019est trop \u00e0 l\u2019envers pour qu\u2019il n\u2019y ait pas un endroit.<br \/>\nEt si cet endroit est aussi positif et puissant que l\u2019envers est n\u00e9gatif et infernal,<br \/>\nalors on peut largement esp\u00e9rer de l\u2019avenir.\u201d<\/h3>\n<\/blockquote>\n<p>C&rsquo;est Pierre DACO psychologue philosophe et \u00e9crivain qui a \u00e9crit ces lignes il y a d\u00e9j\u00e0 pr\u00e8s de 40 ans&#8230; C&rsquo;est dire que le probl\u00e8me du \u00ab\u00a0trop\u00a0\u00bb et de l&rsquo;exc\u00e8s ne date pas d&rsquo;hier.<\/p>\n<p>Assur\u00e9ment, nous vivons aujourd&rsquo;hui dans un monde du \u00ab\u00a0trop\u00a0\u00bb, d&rsquo;angoisses, de violences, d&rsquo;injustices, de d\u00e9sinformations, de pr\u00e9jug\u00e9s, de pollutions, de surconsommation, d&rsquo;imp\u00f4ts et j&rsquo;en passe&#8230; au point qu&rsquo;une liste exhaustive en serait interminable.<br \/>\nRien qu&rsquo;en nous r\u00e9f\u00e9rant \u00e0 ce qui pourrait d\u00e9pendre de nous, nous aurions d\u00e9j\u00e0 beaucoup \u00e0 faire pour trouver la bonne mesure.<\/p>\n<p>Aujourd&rsquo;hui, ce petit virus qui a boulevers\u00e9 notre vie et ce sont peut-\u00eatre les manques ressentis durant ce confinement qui ont aliment\u00e9 notre r\u00e9flexion sur nos vrais besoins.<br \/>\nConditionn\u00e9s culturellement au \u00ab\u00a0Toujours plus\u00a0\u00bb jusqu&rsquo;\u00e0 ce qu&rsquo;il en ait de trop, nous pourrions imaginer un autre monde et profiter de cet arr\u00eat pour manifester nos envies de \u00ab\u00a0sobri\u00e9t\u00e9 heureuse\u00a0\u00bb comme dirait Pierre Rabhi.<\/p>\n<p>Le virus a fait ce que personne ne croyait possible. La terre continue de tourner.<br \/>\nIntuitivement, nous sentons bien qu&rsquo;il suffirait d&rsquo;un peu de mod\u00e9ration, de v\u00e9rit\u00e9, de bont\u00e9, d&rsquo;intelligence, pour que l&rsquo;espoir renaisse.<\/p>\n<p>Le 11 mai, commence l&rsquo;<strong>Apr\u00e8s. <\/strong>C&rsquo;est donc maintenant que chacun peut choisir comment faire sa part.<\/p>\n<p><iframe loading=\"lazy\" title=\"Pierre Rabhi la sobrie\u0301te\u0301 qui rend heureux (version longue)\" width=\"1200\" height=\"675\" src=\"https:\/\/www.youtube.com\/embed\/h8eIttbSUC4?start=13&#038;feature=oembed\" frameborder=\"0\" allow=\"accelerometer; autoplay; clipboard-write; encrypted-media; gyroscope; picture-in-picture\" allowfullscreen><\/iframe><\/p>\n<p><iframe loading=\"lazy\" title=\"La bienveillance : un enjeu pour nos soci\u00e9t\u00e9s | Sophie Rabhi | TEDxReims\" width=\"1200\" height=\"675\" src=\"https:\/\/www.youtube.com\/embed\/SXyVcG1TX0E?feature=oembed\" frameborder=\"0\" allow=\"accelerometer; autoplay; clipboard-write; encrypted-media; gyroscope; picture-in-picture\" allowfullscreen><\/iframe><\/p>\n","protected":false},"excerpt":{"rendered":"<p>\u201cCe qui a lieu dans le monde est trop pathologique pour qu\u2019il n\u2019y ait pas une sant\u00e9 quelque part. C\u2019est trop haineux pour qu\u2019il n\u2019y ait pas une bont\u00e9. C\u2019est &#8230; <a title=\"Apr\u00e8s, c&rsquo;est maintenant&#8230;\" class=\"read-more\" href=\"https:\/\/intermedium.fr\/laquete\/2020\/05\/04\/trop-cest-trop\/\" aria-label=\"Plus sur Apr\u00e8s, c&rsquo;est maintenant&#8230;\">Lire plus<\/a><\/p>\n","protected":false},"author":1,"featured_media":13923,"comment_status":"open","ping_status":"open","sticky":false,"template":"","format":"standard","meta":{"footnotes":""},"categories":[15,58],"tags":[86],"class_list":["post-13921","post","type-post","status-publish","format-standard","has-post-thumbnail","hentry","category-bernard","category-themes-mensuels","tag-mai-2020","masonry-post","generate-columns","tablet-grid-50","mobile-grid-100","grid-parent","grid-25"],"_links":{"self":[{"href":"https:\/\/intermedium.fr\/laquete\/wp-json\/wp\/v2\/posts\/13921","targetHints":{"allow":["GET"]}}],"collection":[{"href":"https:\/\/intermedium.fr\/laquete\/wp-json\/wp\/v2\/posts"}],"about":[{"href":"https:\/\/intermedium.fr\/laquete\/wp-json\/wp\/v2\/types\/post"}],"author":[{"embeddable":true,"href":"https:\/\/intermedium.fr\/laquete\/wp-json\/wp\/v2\/users\/1"}],"replies":[{"embeddable":true,"href":"https:\/\/intermedium.fr\/laquete\/wp-json\/wp\/v2\/comments?post=13921"}],"version-history":[{"count":0,"href":"https:\/\/intermedium.fr\/laquete\/wp-json\/wp\/v2\/posts\/13921\/revisions"}],"wp:featuredmedia":[{"embeddable":true,"href":"https:\/\/intermedium.fr\/laquete\/wp-json\/wp\/v2\/media\/13923"}],"wp:attachment":[{"href":"https:\/\/intermedium.fr\/laquete\/wp-json\/wp\/v2\/media?parent=13921"}],"wp:term":[{"taxonomy":"category","embeddable":true,"href":"https:\/\/intermedium.fr\/laquete\/wp-json\/wp\/v2\/categories?post=13921"},{"taxonomy":"post_tag","embeddable":true,"href":"https:\/\/intermedium.fr\/laquete\/wp-json\/wp\/v2\/tags?post=13921"}],"curies":[{"name":"wp","href":"https:\/\/api.w.org\/{rel}","templated":true}]}}