{"id":13943,"date":"2020-05-06T17:08:30","date_gmt":"2020-05-06T15:08:30","guid":{"rendered":"https:\/\/colibris-nancy.fr\/?p=13943"},"modified":"2020-05-06T17:08:30","modified_gmt":"2020-05-06T15:08:30","slug":"chacun-son-point-de-vue","status":"publish","type":"post","link":"https:\/\/intermedium.fr\/laquete\/2020\/05\/06\/chacun-son-point-de-vue\/","title":{"rendered":"Chacun son point de vue&#8230;"},"content":{"rendered":"<p><img loading=\"lazy\" decoding=\"async\" class=\"size-medium wp-image-13935 alignleft\" src=\"https:\/\/colibris-nancy.fr\/wp-content\/uploads\/2020\/05\/50234244_866002720241397_9005494788379639808_n-300x276.jpg\" alt=\"\" width=\"300\" height=\"276\"\/>Je viens de voir quelques images de \u00ab\u00a0sagesse\u00a0\u00bb qui pourraient&nbsp; nous inspirer dans notre regard sur le monde.<\/p>\n<p>La l\u00e9gende de cette image est assez parlante. J&rsquo;ajouterai cependant que lorsque nous ne sommes pas d&rsquo;accord avec notre interlocuteur, les expressions du genre \u00ab\u00a0il ne comprends rien\u00a0\u00bb, \u00ab\u00a0il est idiot\u00a0\u00bb&#8230; sont souvent pr\u00e9sentes dans notre esprit, si ce n&rsquo;est dans nos paroles.<\/p>\n<p>C&rsquo;est presque un r\u00e9flexe ! Et c&rsquo;est l\u00e0 que le foss\u00e9 se creuse : si je pense ainsi, c&rsquo;est que lui aussi pense cela. Alors il est parfois plus facile de laisser \u00ab\u00a0glisser\u00a0\u00bb plut\u00f4t que de chercher \u00e0 comprendre. Mais le plus souvent il y a une rupture, parfois d\u00e9finitive.<img loading=\"lazy\" decoding=\"async\" class=\"size-medium wp-image-13936 alignright\" src=\"https:\/\/intermedium.fr\/laquete\/wp-content\/uploads\/2020\/05\/50544977_869726433202359_7322091951669379072_n-300x225.jpg\" alt=\"\" width=\"300\" height=\"225\" srcset=\"https:\/\/intermedium.fr\/laquete\/wp-content\/uploads\/2020\/05\/50544977_869726433202359_7322091951669379072_n-300x225.jpg 300w, https:\/\/intermedium.fr\/laquete\/wp-content\/uploads\/2020\/05\/50544977_869726433202359_7322091951669379072_n-768x576.jpg 768w, https:\/\/intermedium.fr\/laquete\/wp-content\/uploads\/2020\/05\/50544977_869726433202359_7322091951669379072_n.jpg 960w\" sizes=\"auto, (max-width: 300px) 100vw, 300px\" \/><\/p>\n<p>&nbsp;<\/p>\n<p>La politique illustre bien ces oppositions.<br \/>\nLa bonne solution serait la n\u00e9gociation et le compromis. Le compromis n&rsquo;est pas une pratique de base, bien de chez nous.<br \/>\nLorsqu&rsquo;on arr\u00eate de croire que le Pr\u00e9sident est un ennemi \u00e0 d\u00e9gager, alors on peut se rendre compte qu&rsquo;avec un peu de bienveillance, il est parfaitement possible de faire \u00ab\u00a0ensemble\u00a0\u00bb.<\/p>\n<p><img loading=\"lazy\" decoding=\"async\" class=\"size-medium wp-image-13938 alignleft\" src=\"https:\/\/intermedium.fr\/laquete\/wp-content\/uploads\/2020\/05\/58772315_919774674864201_4075445135180038144_n-300x244.jpg\" alt=\"\" width=\"300\" height=\"244\" srcset=\"https:\/\/intermedium.fr\/laquete\/wp-content\/uploads\/2020\/05\/58772315_919774674864201_4075445135180038144_n-300x244.jpg 300w, https:\/\/intermedium.fr\/laquete\/wp-content\/uploads\/2020\/05\/58772315_919774674864201_4075445135180038144_n.jpg 720w\" sizes=\"auto, (max-width: 300px) 100vw, 300px\" \/><\/p>\n<p>Peut-on imaginer quelqu&rsquo;un atteignant ce niveau de responsabilit\u00e9, qui s&rsquo;obstinerait \u00e0 agir contre l&rsquo;int\u00e9r\u00eat de ceux qui l&rsquo;on \u00e9lu ?<\/p>\n<p>Cette observation vaut pour celui qui est en place comme pour ceux avant lui, mais si rien ne change, vaudra aussi pour ceux qui viendront apr\u00e8s lui : l&rsquo;int\u00e9r\u00eat des Pr\u00e9sidents est celui de leur parti, pas celui des Fran\u00e7ais.<br \/>\nC&rsquo;est aux Fran\u00e7ais de choisir leur Pr\u00e9sident.<\/p>\n<p><img loading=\"lazy\" decoding=\"async\" class=\"size-medium wp-image-13940 alignright\" src=\"https:\/\/intermedium.fr\/laquete\/wp-content\/uploads\/2020\/05\/67227109_10214218155629322_2750254485195456512_n-300x300.jpg\" alt=\"\" width=\"300\" height=\"300\" srcset=\"https:\/\/intermedium.fr\/laquete\/wp-content\/uploads\/2020\/05\/67227109_10214218155629322_2750254485195456512_n-300x300.jpg 300w, https:\/\/intermedium.fr\/laquete\/wp-content\/uploads\/2020\/05\/67227109_10214218155629322_2750254485195456512_n-150x150.jpg 150w, https:\/\/intermedium.fr\/laquete\/wp-content\/uploads\/2020\/05\/67227109_10214218155629322_2750254485195456512_n-768x768.jpg 768w, https:\/\/intermedium.fr\/laquete\/wp-content\/uploads\/2020\/05\/67227109_10214218155629322_2750254485195456512_n.jpg 960w\" sizes=\"auto, (max-width: 300px) 100vw, 300px\" \/><\/p>\n<p>&nbsp;<\/p>\n<p>A l&rsquo;\u00e9vidence, dans le moment que nous vivons, le pouvoir est partag\u00e9 entre ceux qui savent et ceux qui d\u00e9cident. Mais ceux qui d\u00e9cident n&rsquo;ont peut-\u00eatre pas le pouvoir de faire autrement.<\/p>\n<p>Le probl\u00e8me n&rsquo;est pas le virus, mais les masques, le gel hydroalcoolique et les tests qui manquent. C&rsquo;est la faute de ceux qui n&rsquo;ont pas pr\u00e9vu l&rsquo;impr\u00e9visible.<\/p>\n<p><img loading=\"lazy\" decoding=\"async\" class=\"size-medium wp-image-13939 alignleft\" src=\"https:\/\/intermedium.fr\/laquete\/wp-content\/uploads\/2020\/05\/64326721_10218963828750383_661225797360549888_n-300x300.jpg\" alt=\"\" width=\"300\" height=\"300\" srcset=\"https:\/\/intermedium.fr\/laquete\/wp-content\/uploads\/2020\/05\/64326721_10218963828750383_661225797360549888_n-300x300.jpg 300w, https:\/\/intermedium.fr\/laquete\/wp-content\/uploads\/2020\/05\/64326721_10218963828750383_661225797360549888_n-150x150.jpg 150w, https:\/\/intermedium.fr\/laquete\/wp-content\/uploads\/2020\/05\/64326721_10218963828750383_661225797360549888_n.jpg 699w\" sizes=\"auto, (max-width: 300px) 100vw, 300px\" \/><\/p>\n<p>&nbsp;<\/p>\n<p>&nbsp;<\/p>\n<h3><strong>Oui, l&rsquo;Apr\u00e8s, c&rsquo;est maintenant.<\/strong><\/h3>\n<p>Et si on ne change pas la fa\u00e7on de faire, de ceux qui sont contre ce qui est pour, et pour ce qui est contre, alors il faudra se contenter de ce qu&rsquo;on a.<\/p>\n<p>Le pire est \u00e0 craindre.<\/p>\n<p><img loading=\"lazy\" decoding=\"async\" class=\" wp-image-13941 alignright\" src=\"https:\/\/intermedium.fr\/laquete\/wp-content\/uploads\/2020\/05\/72121731_1034949303346737_2050873551291940864_n-225x300.jpg\" alt=\"\" width=\"308\" height=\"411\" srcset=\"https:\/\/intermedium.fr\/laquete\/wp-content\/uploads\/2020\/05\/72121731_1034949303346737_2050873551291940864_n-225x300.jpg 225w, https:\/\/intermedium.fr\/laquete\/wp-content\/uploads\/2020\/05\/72121731_1034949303346737_2050873551291940864_n.jpg 720w\" sizes=\"auto, (max-width: 308px) 100vw, 308px\" \/><\/p>\n<p>&nbsp;<\/p>\n<p>&nbsp;<\/p>\n<p>&nbsp;<\/p>\n<p>Mais puisque l&rsquo;occasion de changer nous est donn\u00e9e par ce m\u00e9chant virus, peut-\u00eatre trouverons-nous l&rsquo;intelligence dans la coop\u00e9ration.<br \/>\nCeux qui en sont morts m\u00e9ritent bien un peu d&rsquo;intelligence !<\/p>\n<p>&nbsp;<\/p>\n<p>&nbsp;<\/p>\n<p>&nbsp;<\/p>\n<p>&nbsp;<\/p>\n","protected":false},"excerpt":{"rendered":"<p>Je viens de voir quelques images de \u00ab\u00a0sagesse\u00a0\u00bb qui pourraient&nbsp; nous inspirer dans notre regard sur le monde. La l\u00e9gende de cette image est assez parlante. J&rsquo;ajouterai cependant que lorsque &#8230; <a title=\"Chacun son point de vue&#8230;\" class=\"read-more\" href=\"https:\/\/intermedium.fr\/laquete\/2020\/05\/06\/chacun-son-point-de-vue\/\" aria-label=\"Plus sur Chacun son point de vue&#8230;\">Lire plus<\/a><\/p>\n","protected":false},"author":1,"featured_media":13937,"comment_status":"open","ping_status":"open","sticky":false,"template":"","format":"standard","meta":{"footnotes":""},"categories":[15,41,51,58],"tags":[86],"class_list":["post-13943","post","type-post","status-publish","format-standard","has-post-thumbnail","hentry","category-bernard","category-non-violence","category-psycho","category-themes-mensuels","tag-mai-2020","masonry-post","generate-columns","tablet-grid-50","mobile-grid-100","grid-parent","grid-25"],"_links":{"self":[{"href":"https:\/\/intermedium.fr\/laquete\/wp-json\/wp\/v2\/posts\/13943","targetHints":{"allow":["GET"]}}],"collection":[{"href":"https:\/\/intermedium.fr\/laquete\/wp-json\/wp\/v2\/posts"}],"about":[{"href":"https:\/\/intermedium.fr\/laquete\/wp-json\/wp\/v2\/types\/post"}],"author":[{"embeddable":true,"href":"https:\/\/intermedium.fr\/laquete\/wp-json\/wp\/v2\/users\/1"}],"replies":[{"embeddable":true,"href":"https:\/\/intermedium.fr\/laquete\/wp-json\/wp\/v2\/comments?post=13943"}],"version-history":[{"count":0,"href":"https:\/\/intermedium.fr\/laquete\/wp-json\/wp\/v2\/posts\/13943\/revisions"}],"wp:featuredmedia":[{"embeddable":true,"href":"https:\/\/intermedium.fr\/laquete\/wp-json\/wp\/v2\/media\/13937"}],"wp:attachment":[{"href":"https:\/\/intermedium.fr\/laquete\/wp-json\/wp\/v2\/media?parent=13943"}],"wp:term":[{"taxonomy":"category","embeddable":true,"href":"https:\/\/intermedium.fr\/laquete\/wp-json\/wp\/v2\/categories?post=13943"},{"taxonomy":"post_tag","embeddable":true,"href":"https:\/\/intermedium.fr\/laquete\/wp-json\/wp\/v2\/tags?post=13943"}],"curies":[{"name":"wp","href":"https:\/\/api.w.org\/{rel}","templated":true}]}}