{"id":14911,"date":"2021-02-11T16:52:57","date_gmt":"2021-02-11T15:52:57","guid":{"rendered":"https:\/\/colibris-nancy.fr\/?p=14911"},"modified":"2021-02-11T16:52:57","modified_gmt":"2021-02-11T15:52:57","slug":"la-politique-qui-nous-est-servie-au-quotidien-est-dabord-un-spectacle","status":"publish","type":"post","link":"https:\/\/intermedium.fr\/laquete\/2021\/02\/11\/la-politique-qui-nous-est-servie-au-quotidien-est-dabord-un-spectacle\/","title":{"rendered":"La politique qui nous est servie au quotidien est d&rsquo;abord un spectacle !"},"content":{"rendered":"<p>C&rsquo;est bien int\u00e9ressant de parler de politique. Et pourtant, c&rsquo;est un sujet qui est particuli\u00e8rement \u00ab\u00a0\u00e9vit\u00e9\u00a0\u00bb dans les groupes constitu\u00e9s, les associations et autres institutions dont la vocation n&rsquo;est pas sp\u00e9cifiquement la politique. C&rsquo;est comme parler de religion, fatalement, cela divise !<\/p>\n<p>On peut finir par en venir aux mains, le plus souvent d\u00e9\u00e7u de constater que notre interlocuteur souffre d&rsquo;indigence intellectuelle s&rsquo;il ne pense pas comme moi.<\/p>\n<p>Je crois pourtant que ce serait un exercice tr\u00e8s profitable et de nature \u00e0 faire \u00e9voluer les esprits d\u00e8s lors que la r\u00e8gle du \u00ab\u00a0respect mutuel inconditionnel\u00a0\u00bb serait \u00e0 l&rsquo;honneur.<\/p>\n<p>Oui, c&rsquo;est en accueillant la r\u00e9flexion de l&rsquo;autre de fa\u00e7on non-violente que la confrontation devient \u00ab\u00a0partage\u00a0\u00bb. Ce qui ne veut pas dire que nous devions souscrire \u00e0 tout ce qui est propos\u00e9. En s&rsquo;exprimant sur le ton \u00ab\u00a0je comprends ton point de vue, mais ne le partage pas&#8230;\u00a0\u00bb la position pourrait \u00eatre clarifi\u00e9e, avec \u00e9l\u00e9gance et sans blesser personne.<\/p>\n<p>Tous les go\u00fbts sont dans la nature, et les d\u00e9batteurs de la t\u00e9l\u00e9, de toutes les tendances nous montrent clairement ce qu&rsquo;il ne faut pas faire : Le ton monte et personne n&rsquo;entend plus personne, pas m\u00eame les auditeurs !<\/p>\n<p>En fait ce sont les confrontations et les joutes verbales qui sont valoris\u00e9es dans ce \u00e9missions. Quelles qu&rsquo;en soient les intentions affich\u00e9es, ni le respect, ni m\u00eame l&rsquo;intelligence ne le sont. Ceux qui manquent de ceci, attestent en m\u00eame temps qu&rsquo;ils leur manque de cela&#8230;<\/p>\n<p>Au fond, leur d\u00e9bat ne cherche pas \u00e0 faire avancer la compr\u00e9hension du probl\u00e8me, mais \u00e0 critiquer avec plus ou moins de mauvaise foi, la partie adverse en esp\u00e9rant se grandir.<br \/>\nChacun peut constater que les sujets et les intervenants sont d&rsquo;ailleurs bien choisis pour qu&rsquo;il y ait du \u00ab\u00a0spectacle\u00a0\u00bb.<\/p>\n<p>Alors, est-il bien utile de regarder ces pugilats sur les chaines d&rsquo;information continues ?<\/p>\n<p>J&rsquo;\u00e9prouve, pour ma part, \u00e0 chaque fois, l&rsquo;impression d&rsquo;une authentique manipulation du spectateur. Le jeu consistant juste \u00e0 d\u00e9couvrir au profit de qui.<\/p>\n<p>&nbsp;<\/p>\n","protected":false},"excerpt":{"rendered":"<p>C&rsquo;est bien int\u00e9ressant de parler de politique. Et pourtant, c&rsquo;est un sujet qui est particuli\u00e8rement \u00ab\u00a0\u00e9vit\u00e9\u00a0\u00bb dans les groupes constitu\u00e9s, les associations et autres institutions dont la vocation n&rsquo;est pas &#8230; <a title=\"La politique qui nous est servie au quotidien est d&rsquo;abord un spectacle !\" class=\"read-more\" href=\"https:\/\/intermedium.fr\/laquete\/2021\/02\/11\/la-politique-qui-nous-est-servie-au-quotidien-est-dabord-un-spectacle\/\" aria-label=\"Plus sur La politique qui nous est servie au quotidien est d&rsquo;abord un spectacle !\">Lire plus<\/a><\/p>\n","protected":false},"author":1,"featured_media":14912,"comment_status":"open","ping_status":"open","sticky":false,"template":"","format":"standard","meta":{"footnotes":""},"categories":[15,21],"tags":[],"class_list":["post-14911","post","type-post","status-publish","format-standard","has-post-thumbnail","hentry","category-bernard","category-discute","masonry-post","generate-columns","tablet-grid-50","mobile-grid-100","grid-parent","grid-25"],"_links":{"self":[{"href":"https:\/\/intermedium.fr\/laquete\/wp-json\/wp\/v2\/posts\/14911","targetHints":{"allow":["GET"]}}],"collection":[{"href":"https:\/\/intermedium.fr\/laquete\/wp-json\/wp\/v2\/posts"}],"about":[{"href":"https:\/\/intermedium.fr\/laquete\/wp-json\/wp\/v2\/types\/post"}],"author":[{"embeddable":true,"href":"https:\/\/intermedium.fr\/laquete\/wp-json\/wp\/v2\/users\/1"}],"replies":[{"embeddable":true,"href":"https:\/\/intermedium.fr\/laquete\/wp-json\/wp\/v2\/comments?post=14911"}],"version-history":[{"count":0,"href":"https:\/\/intermedium.fr\/laquete\/wp-json\/wp\/v2\/posts\/14911\/revisions"}],"wp:featuredmedia":[{"embeddable":true,"href":"https:\/\/intermedium.fr\/laquete\/wp-json\/wp\/v2\/media\/14912"}],"wp:attachment":[{"href":"https:\/\/intermedium.fr\/laquete\/wp-json\/wp\/v2\/media?parent=14911"}],"wp:term":[{"taxonomy":"category","embeddable":true,"href":"https:\/\/intermedium.fr\/laquete\/wp-json\/wp\/v2\/categories?post=14911"},{"taxonomy":"post_tag","embeddable":true,"href":"https:\/\/intermedium.fr\/laquete\/wp-json\/wp\/v2\/tags?post=14911"}],"curies":[{"name":"wp","href":"https:\/\/api.w.org\/{rel}","templated":true}]}}