{"id":15241,"date":"2021-05-15T17:05:49","date_gmt":"2021-05-15T15:05:49","guid":{"rendered":"https:\/\/colibris-nancy.fr\/?p=15241"},"modified":"2021-05-15T17:05:49","modified_gmt":"2021-05-15T15:05:49","slug":"nous-sommes-forts-a-constater-lobscurite-mais-nous-sommes-incapables-dallumer-une-bougie","status":"publish","type":"post","link":"https:\/\/intermedium.fr\/laquete\/2021\/05\/15\/nous-sommes-forts-a-constater-lobscurite-mais-nous-sommes-incapables-dallumer-une-bougie\/","title":{"rendered":"Nous sommes forts \u00e0 constater l&rsquo;obscurit\u00e9, mais nous sommes incapables d&rsquo;allumer une bougie&#8230;"},"content":{"rendered":"<p>Par Bernie<\/p>\n<p>Le respect est bien le ma\u00eetre mot quand on parle de non-violence.<br \/>\nSi l&rsquo;on comprend ce que les mots veulent dire, l&rsquo;expression non-violence n&rsquo;\u00e9voque pas seulement cette m\u00e9thode employ\u00e9e pour \u00ab\u00a0lutter contre\u00a0\u00bb ou pour obtenir par une strat\u00e9gie \u00ab\u00a0intelligente\u00a0\u00bb (?) ce que la partie adverse refuse de nous accorder.<br \/>\nOn a m\u00eame vu et entendu des sp\u00e9cialistes tenter d&rsquo;expliquer en quoi consiste la non-violence, sur un ton absolument irrespectueux et violent.<br \/>\nNon ! la non-violence n&rsquo;est pas qu&rsquo;un outil de lutte sociale ou politique, c&rsquo;est avant tout une mani\u00e8re d&rsquo;\u00eatre, fond\u00e9e sur le respect.<\/p>\n<p>L&rsquo;\u00e9pisode qui suit illustre cette difficult\u00e9 \u00e0 \u00eatre.<\/p>\n<p>Les violences de toutes natures (pas seulement polici\u00e8res) font la \u00ab\u00a0une\u00a0\u00bb de nos m\u00e9dias ces derniers temps, au point d&rsquo;\u00e9mouvoir m\u00eame ceux pour qui elles constituent leur fonds de commerce. On parle avec inqui\u00e9tude de violences disproportionn\u00e9es, spontan\u00e9es, quelquefois gratuites, on se plaint d&rsquo;ins\u00e9curit\u00e9s, de d\u00e9faut d&rsquo;autorit\u00e9, de l&rsquo;absence de justice&#8230;<br \/>\nVoil\u00e0 ce qui inspir\u00e9 David Pujadas \u00e0 organiser une soir\u00e9e t\u00e9l\u00e9vis\u00e9e sur la violence et l&rsquo;ins\u00e9curit\u00e9, leurs causes, et les moyens de les pr\u00e9venir. \u00c9taient pr\u00e9sents des personnalit\u00e9s politiques de tous bords, des policiers, une magistrate, des avocats, un cin\u00e9aste r\u00e9put\u00e9, des victimes&#8230; et finalement deux personnalit\u00e9s surprises pour conclure \u00e0 propos de cette soir\u00e9e.<\/p>\n<p>Si l&rsquo;on m&rsquo;avait demand\u00e9 mon avis, j&rsquo;aurai dit qu&rsquo;elle \u00e9tait banale, identique \u00e0 ce qui est habituellement propos\u00e9 \u00e0 la t\u00e9l\u00e9vision. Au del\u00e0 du fond qui n&rsquo;a que peu \u00e9t\u00e9 trait\u00e9, j&rsquo;ai \u00e9t\u00e9 choqu\u00e9 de constater que pour parler de violence, tout ce beau monde a \u00e9t\u00e9 tr\u00e8s violent, multipliant les coupures de parole, les invectives, les insultes et les prises de becs \u00e0 la limite du supportable, au point que le journaliste menant le d\u00e9bat n&rsquo;a que rarement pu maintenir un peu de dignit\u00e9.<br \/>\nMais, j&rsquo;aurais ajout\u00e9 que la v\u00e9rit\u00e9 n&rsquo;a \u00e9t\u00e9 dite qu&rsquo;en fin de soir\u00e9e par l&rsquo;un des invit\u00e9s surprise, le rappeur \u00a0alsacien Abd al-Malik dont les propos, empreints de v\u00e9rit\u00e9 et de bon sens m&rsquo;ont donn\u00e9 un peu d&rsquo;espoir. Oui, l&rsquo;espoir que son message serait entendu.<\/p>\n<p>En substance, il a d\u00e9nonc\u00e9 un probl\u00e8me de civilisation o\u00f9 la violence est devenue une \u00ab\u00a0culture entretenue\u00a0\u00bb par ce qui est montr\u00e9 \u00ab\u00a0tout le temps\u00a0\u00bb et \u00ab\u00a0partout\u00a0\u00bb, <a href=\"https:\/\/colibris-nancy.fr\/lamour-du-pouvoir\/\" target=\"_blank\" rel=\"noopener\">les violences de tout genre et de toute nature<\/a>. Il observe que l&rsquo;on ne peut pas nourrir la \u00ab\u00a0b\u00eate\u00a0\u00bb (la violence) pour qu&rsquo;elle devienne \u00e9norme et ensuite se plaindre qu&rsquo;elle nous submerge tous. Il constate que nous sommes forts \u00e0 constater l&rsquo;obscurit\u00e9, mais incapables d&rsquo;allumer une bougie.<br \/>\nPour changer les choses il propose de \u00ab\u00a0magnifier\u00a0\u00bb la culture du savoir et de l&rsquo;\u00e9ducation. Il \u00e9voque la libert\u00e9 et le respect, l&rsquo;apprentissage du dialogue, donner envie, travailler \u00e0 \u00ab\u00a0<strong>faire France<\/strong>\u00a0\u00bb et devenir un exemple.<\/p>\n<p>Dans sa conclusion il \u00e9voque la banlieue d&rsquo;o\u00f9 il vient et l&rsquo;enseignant qui un jour l&rsquo;a trouv\u00e9 \u00ab\u00a0beau\u00a0\u00bb, rappelant presque mot-\u00e0-mot, la citation de notre page d&rsquo;accueil : <em>Un homme devient un Homme si on le regarde avec le respect qui est du \u00e0 l&rsquo;homme&#8230;<\/em><\/p>\n<p>Il termine en disant qu&rsquo;on ne peut pas lutter contre l&rsquo;injustice en \u00e9tant soi-m\u00eame injuste, ni lutter contre la violence en \u00e9tant violent.<\/p>\n<p>&nbsp;<\/p>\n<p>Le replay de la soir\u00e9e \u00a0intitul\u00e9e \u00ab\u00a0La grande confrontation\u00a0\u00bb (rien que le titre en dit long sur les intentions des organisateurs) est disponible ici : <a href=\"https:\/\/www.lci.fr\/politique\/video-revivez-la-grande-confrontation-sur-le-theme-securite-ou-va-la-france-2185635.html\">https:\/\/www.lci.fr\/politique\/video-revivez-la-grande-confrontation-sur-le-theme-securite-ou-va-la-france-2185635.html<\/a> L&rsquo;intervention de Abd al-Malik est \u00e0 partir de 2.21 de leur d\u00e9compte horaire.<\/p>\n<p>&nbsp;<\/p>\n<p>&nbsp;<\/p>\n","protected":false},"excerpt":{"rendered":"<p>Par Bernie Le respect est bien le ma\u00eetre mot quand on parle de non-violence. Si l&rsquo;on comprend ce que les mots veulent dire, l&rsquo;expression non-violence n&rsquo;\u00e9voque pas seulement cette m\u00e9thode &#8230; <a title=\"Nous sommes forts \u00e0 constater l&rsquo;obscurit\u00e9, mais nous sommes incapables d&rsquo;allumer une bougie&#8230;\" class=\"read-more\" href=\"https:\/\/intermedium.fr\/laquete\/2021\/05\/15\/nous-sommes-forts-a-constater-lobscurite-mais-nous-sommes-incapables-dallumer-une-bougie\/\" aria-label=\"Plus sur Nous sommes forts \u00e0 constater l&rsquo;obscurit\u00e9, mais nous sommes incapables d&rsquo;allumer une bougie&#8230;\">Lire plus<\/a><\/p>\n","protected":false},"author":1,"featured_media":15245,"comment_status":"open","ping_status":"open","sticky":false,"template":"","format":"standard","meta":{"footnotes":""},"categories":[15,41],"tags":[],"class_list":["post-15241","post","type-post","status-publish","format-standard","has-post-thumbnail","hentry","category-bernard","category-non-violence","masonry-post","generate-columns","tablet-grid-50","mobile-grid-100","grid-parent","grid-25"],"_links":{"self":[{"href":"https:\/\/intermedium.fr\/laquete\/wp-json\/wp\/v2\/posts\/15241","targetHints":{"allow":["GET"]}}],"collection":[{"href":"https:\/\/intermedium.fr\/laquete\/wp-json\/wp\/v2\/posts"}],"about":[{"href":"https:\/\/intermedium.fr\/laquete\/wp-json\/wp\/v2\/types\/post"}],"author":[{"embeddable":true,"href":"https:\/\/intermedium.fr\/laquete\/wp-json\/wp\/v2\/users\/1"}],"replies":[{"embeddable":true,"href":"https:\/\/intermedium.fr\/laquete\/wp-json\/wp\/v2\/comments?post=15241"}],"version-history":[{"count":0,"href":"https:\/\/intermedium.fr\/laquete\/wp-json\/wp\/v2\/posts\/15241\/revisions"}],"wp:featuredmedia":[{"embeddable":true,"href":"https:\/\/intermedium.fr\/laquete\/wp-json\/wp\/v2\/media\/15245"}],"wp:attachment":[{"href":"https:\/\/intermedium.fr\/laquete\/wp-json\/wp\/v2\/media?parent=15241"}],"wp:term":[{"taxonomy":"category","embeddable":true,"href":"https:\/\/intermedium.fr\/laquete\/wp-json\/wp\/v2\/categories?post=15241"},{"taxonomy":"post_tag","embeddable":true,"href":"https:\/\/intermedium.fr\/laquete\/wp-json\/wp\/v2\/tags?post=15241"}],"curies":[{"name":"wp","href":"https:\/\/api.w.org\/{rel}","templated":true}]}}