{"id":15267,"date":"2021-06-10T17:41:00","date_gmt":"2021-06-10T15:41:00","guid":{"rendered":"https:\/\/colibris-nancy.fr\/?p=15267"},"modified":"2021-06-10T17:41:00","modified_gmt":"2021-06-10T15:41:00","slug":"les-hommes-sont-en-quete-de-sens","status":"publish","type":"post","link":"https:\/\/intermedium.fr\/laquete\/2021\/06\/10\/les-hommes-sont-en-quete-de-sens\/","title":{"rendered":"Les hommes sont en qu\u00eate de sens."},"content":{"rendered":"<div class=\"entry-content\">\n<div class=\"entry-content\">\n<ul>\n<li>Quoiqu\u2019ils fassent, quoiqu\u2019ils subissent, il faut que cela ait un sens.<\/li>\n<li>L\u00e0 o\u00f9 le sens fait d\u00e9faut, les hommes s\u2019engagent dans une qu\u00eate d\u00e9sesp\u00e9r\u00e9e pour le faire jaillir.<\/li>\n<li>L\u00e0 o\u00f9 il y a sens, il y a humanit\u00e9, l\u00e0 o\u00f9 il dispara\u00eet, l\u2019humanit\u00e9 dispara\u00eet avec lui.<\/li>\n<li>Pour d\u00e9shumaniser un homme, rien de tel que de faire en sorte que plus rien n\u2019ait plus de sens pour lui.<\/li>\n<li>\u00c0 l\u2019origine du sens, il y a la conscience humaine qui est \u00ab intentionnalit\u00e9 \u00bb parce qu\u2019elle est toujours \u00ab conscience de quelque chose \u00bb. Cette relation au monde se manifeste d\u2019au moins trois mani\u00e8res qui correspondent \u00e0 trois acceptions du mot \u00ab sens \u00bb.<br \/>\n&#8211; D\u2019abord les cinq sens qui nous relient \u00e0 l\u2019int\u00e9riorit\u00e9 et \u00e0 l\u2019ext\u00e9riorit\u00e9 du corps : le ressenti.<br \/>\n\u2013\u00a0\u00a0\u00ab Sens \u00bb renvoie ensuite \u00e0 l\u2019id\u00e9e de direction, ce qui relie un point de d\u00e9part \u00e0 un point d\u2019arriv\u00e9e et donne sens \u00e0 un parcours.<br \/>\n\u2013\u00a0\u00a0Le sens \u00e9voque la signification, union d\u2019un signifiant et un signifi\u00e9.<\/li>\n<\/ul>\n<ul>\n<li>Quoi que nous fassions, nous agissons toujours dans un but pr\u00e9cis, en orientant nos actes dans une certaine direction. La notion de projet nous est famili\u00e8re : exister c\u2019est se projeter, se jeter en avant pour rendre nos actes conformes au sens que nous voulons leur donner.<\/li>\n<li>L\u2019homme est d\u00e9sir et n\u2019est que cela, \u00ab\u00a0le d\u00e9sir est l\u2019essence de l\u2019homme\u00a0\u00bb.<\/li>\n<li>\u00ab\u00a0ce n\u2019est pas parce que je juge qu\u2019une chose est bonne que je la d\u00e9sire, c\u2019est parce que je la d\u00e9sire que je juge qu\u2019elle est bonne.\u00a0\u00bb C\u2019est donc une illusion de croire que les choses ont un sens en elles-m\u00eames, <strong>elles n\u2019ont que le sens que nous leur donnons lorsque nous les d\u00e9sirons<\/strong>\u00a0:<\/li>\n<li>Lorsqu\u2019un \u00eatre ne trouve plus de sens \u00e0 ce qu\u2019il fait, c\u2019est qu\u2019il ne d\u00e9sire plus le faire. Il n\u2019agit plus que pour des raisons \u00e9trang\u00e8res \u00e0 son action. C\u2019est le propre de l\u2019ali\u00e9nation.<\/li>\n<li><strong>Aussi devons-nous cultiver le d\u00e9sir pour progresser vers la vie bonne<\/strong>. Nous devons travailler \u00e0 ce que chacun reprenne en main son d\u00e9sir et ne le laisse pas ravir par des forces qui tentent de le manipuler, de l\u2019orienter ou de l\u2019affaiblir.<\/li>\n<li>Le d\u00e9sir n\u2019est porteur de sens que lorsqu\u2019il est d\u00e9sir d\u2019\u00eatre et d\u2019agir, non lorsqu\u2019il est d\u00e9sir d\u2019avoir. Si notre d\u00e9sir confond les moyens et les fins nous devenons les artisans de notre malheur, incapables de donner \u00e0 notre existence le sens que nous d\u00e9sirons lui donner. \u00catre et agir, pour que notre potentiel soit utile. Avoir et accumuler est inutile.<\/li>\n<li>Cultiver le d\u00e9sir et se comprendre. R\u00e9pondre \u00e0 la question : Qu\u2019est-ce que je veux pour ma vie qui soit utile au monde ?<br \/>\nD\u00e9sirer faire ce pour quoi je suis fait, mais pour cela, il faut apprendre \u00e0 se conna\u00eetre pour vivre sa propre vie et non celle que d&rsquo;autres pr\u00e9tendent m&rsquo;imposer.<\/li>\n<\/ul>\n<\/div>\n<\/div>\n","protected":false},"excerpt":{"rendered":"<p>Quoiqu\u2019ils fassent, quoiqu\u2019ils subissent, il faut que cela ait un sens. L\u00e0 o\u00f9 le sens fait d\u00e9faut, les hommes s\u2019engagent dans une qu\u00eate d\u00e9sesp\u00e9r\u00e9e pour le faire jaillir. L\u00e0 o\u00f9 &#8230; <a title=\"Les hommes sont en qu\u00eate de sens.\" class=\"read-more\" href=\"https:\/\/intermedium.fr\/laquete\/2021\/06\/10\/les-hommes-sont-en-quete-de-sens\/\" aria-label=\"Plus sur Les hommes sont en qu\u00eate de sens.\">Lire plus<\/a><\/p>\n","protected":false},"author":1,"featured_media":15268,"comment_status":"open","ping_status":"open","sticky":false,"template":"","format":"standard","meta":{"footnotes":""},"categories":[15,25,35],"tags":[75],"class_list":["post-15267","post","type-post","status-publish","format-standard","has-post-thumbnail","hentry","category-bernard","category-ecologie-personnelle","category-la-quete-de-sens","tag-edito","masonry-post","generate-columns","tablet-grid-50","mobile-grid-100","grid-parent","grid-25"],"_links":{"self":[{"href":"https:\/\/intermedium.fr\/laquete\/wp-json\/wp\/v2\/posts\/15267","targetHints":{"allow":["GET"]}}],"collection":[{"href":"https:\/\/intermedium.fr\/laquete\/wp-json\/wp\/v2\/posts"}],"about":[{"href":"https:\/\/intermedium.fr\/laquete\/wp-json\/wp\/v2\/types\/post"}],"author":[{"embeddable":true,"href":"https:\/\/intermedium.fr\/laquete\/wp-json\/wp\/v2\/users\/1"}],"replies":[{"embeddable":true,"href":"https:\/\/intermedium.fr\/laquete\/wp-json\/wp\/v2\/comments?post=15267"}],"version-history":[{"count":0,"href":"https:\/\/intermedium.fr\/laquete\/wp-json\/wp\/v2\/posts\/15267\/revisions"}],"wp:featuredmedia":[{"embeddable":true,"href":"https:\/\/intermedium.fr\/laquete\/wp-json\/wp\/v2\/media\/15268"}],"wp:attachment":[{"href":"https:\/\/intermedium.fr\/laquete\/wp-json\/wp\/v2\/media?parent=15267"}],"wp:term":[{"taxonomy":"category","embeddable":true,"href":"https:\/\/intermedium.fr\/laquete\/wp-json\/wp\/v2\/categories?post=15267"},{"taxonomy":"post_tag","embeddable":true,"href":"https:\/\/intermedium.fr\/laquete\/wp-json\/wp\/v2\/tags?post=15267"}],"curies":[{"name":"wp","href":"https:\/\/api.w.org\/{rel}","templated":true}]}}