{"id":16214,"date":"2022-01-15T16:07:43","date_gmt":"2022-01-15T15:07:43","guid":{"rendered":"https:\/\/colibris-nancy.fr\/?p=16214"},"modified":"2022-02-19T10:46:11","modified_gmt":"2022-02-19T09:46:11","slug":"lunivers-et-moi","status":"publish","type":"post","link":"https:\/\/intermedium.fr\/laquete\/2022\/01\/15\/lunivers-et-moi\/","title":{"rendered":"L&rsquo;Univers et moi."},"content":{"rendered":"\n<div class=\"wp-block-stackable-columns stk-block-columns stk-block stk-03e4a81\" data-block-id=\"03e4a81\"><div class=\"stk-row stk-inner-blocks stk-block-content stk-content-align stk-03e4a81-column\">\n<div class=\"wp-block-stackable-column stk-block-column stk-column stk-block stk-7e16713\" data-block-id=\"7e16713\"><style>@media screen and (min-width:768px){.stk-7e16713{flex:1 1 calc(25% - var(--stk-column-gap,0px) * 1 \/ 2 ) !important}}<\/style><div class=\"stk-column-wrapper stk-block-column__content stk-container stk-7e16713-container stk--no-background stk--no-padding\"><div class=\"stk-block-content stk-inner-blocks\"><\/div><\/div><\/div>\n<div class=\"wp-block-stackable-column stk-block-column stk-column stk-block stk-49a4c5e\" data-block-id=\"49a4c5e\"><style>@media screen and (min-width:768px){.stk-49a4c5e{flex:1 1 calc(75% - var(--stk-column-gap,0px) * 1 \/ 2 ) !important}}<\/style><div class=\"stk-column-wrapper stk-block-column__content stk-container stk-49a4c5e-container stk--no-background stk--no-padding\"><div class=\"stk-block-content stk-inner-blocks\">\n<p>Ici et maintenant&#8230;<br \/>C&rsquo;est peut-\u00eatre vous sur cette image, ou peut-\u00eatre moi&#8230; en train de contempler cette magnifique vo\u00fbte \u00e9toil\u00e9e. Un moment o\u00f9 rien ne compte sinon le sentiment d&rsquo;\u00eatre seul face \u00e0 l&rsquo;univers. Un instant d&rsquo;\u00e9ternit\u00e9 o\u00f9 surgissent les grandes questions existentielles : le sens de sa propre vie dans cette immensit\u00e9&#8230;<\/p>\n<p>Seul, face \u00e0 l&rsquo;univers qui l&rsquo;entoure, le personnage observe la beaut\u00e9 du spectacle, les couleurs du ciel, l&rsquo;immensit\u00e9 de l&rsquo;espace. Quelques lueurs du soleil marquent les contours de la terre et de l&rsquo;environnement imm\u00e9diat. Mais la nuit est presque tomb\u00e9e, permettant de distinguer la Voie lact\u00e9e et les innombrables \u00e9toiles. &nbsp;<br \/>Il en d\u00e9couvre certaines plus brillantes, la petite et la grande Ourse, Cassiop\u00e9e, P\u00e9gase, Sirius peut-\u00eatre&#8230;<\/p>\n<p>Quelques furtives \u00e9toiles filantes barrent, ici et l\u00e0, un ciel qui s&rsquo;assombrit encore, signifiant le temps qui passe : instantan\u00e9 pour l&rsquo;\u00e9toile filante, lent et r\u00e9gulier pour le mouvement des plan\u00e8tes.<\/p>\n<p>Plus il scrute le ciel, plus il d\u00e9couvre des aspects qu&rsquo;il n&rsquo;avait jamais vus. Ses yeux se perdent dans l&rsquo;infini sid\u00e9ral qu&rsquo;il survole du regard, peut-\u00eatre en imaginant aussi ce qu&rsquo;il ne voit pas.<\/p>\n<p>Oui, c&rsquo;est un paysage extraordinaire qui ne laisse personne insensible. On a envie de prendre du temps, de savourer nos ressentis essentiellement visuels, mais aussi dans tout notre corps. L&rsquo;instant peut se prolonger, au gr\u00e9 des r\u00e9flexions que ce spectacle unique inspire.<\/p>\n<p>Enfin, notre esprit est envahi de questions : les id\u00e9es se pressent au portillon de notre conscience&#8230; &nbsp;L&rsquo;<strong>observation<\/strong> paisible de ce r\u00e9el merveilleux, puis les <strong>perceptions sensorielles<\/strong> qui l&rsquo;accompagnent, enfin, surgissent naturellement d&rsquo;innombrables questions : induites par ce moment privil\u00e9gi\u00e9, celles que posent la science, mais aussi celles qui nous concernent personnellement et qui touchent au <strong>sens m\u00eame de notre existence<\/strong>.<\/p>\n<p>Peut-\u00eatre avez-vous comme moi, d\u00e9j\u00e0 v\u00e9cu ce type de situation, quand le ciel est d\u00e9gag\u00e9, seul(e) face \u00e0 l&rsquo;univers.<\/p>\n<p>Sinon, l&rsquo;image ci-dessus pourrait vous inspirer quelques r\u00e9flexions, que vous pourriez noter dans votre carnet. <\/p>\n<p class=\"has-text-align-center\" style=\"font-size:18px\"><strong>C&rsquo;est ici que pourrait commencer <\/strong><br \/><strong>\u00ab\u00a0votre <span style=\"color: #222222;\" class=\"stk-highlight\">cheminement en qu\u00eate de sens<\/span>\u00ab\u00a0. <br \/>Le premier pas d&rsquo;un voyage o\u00f9 chacun choisit sa destination <\/strong><br \/><strong>au rythme qui lui convient.<\/strong><\/p>\n<p class=\"has-text-align-left has-background\" style=\"background-color:#f6f3de\"><em>Un syst\u00e8me d&rsquo;\u00e9changes de commentaires est disponible pour relier celles et ceux qui en auraient envie. Et si vous aimez \u00e9crire, pourquoi ne pas adresser ici <a href=\"https:\/\/colibris-nancy.fr\/contact\/\" target=\"_blank\" rel=\"noreferrer noopener\" title=\"(Contact)\"><span style=\"color: var(--accent);\" class=\"stk-highlight\">(Contact)<\/span><\/a>, en quelques lignes ou plus, et une petite illustration, les r\u00e9flexions que nous pourrions mettre en ligne pour vous ?<\/em><br \/><em>Laissez-vous inspirer par les commentaires pour y r\u00e9pondre, pour en compl\u00e9ter la liste, ou pour y rattacher un nouvel article<\/em>. <\/p>\n<\/div><\/div><\/div>\n<\/div><\/div>\n","protected":false},"excerpt":{"rendered":"<p>Ici et maintenant&#8230;C&rsquo;est peut-\u00eatre vous sur cette image, ou peut-\u00eatre moi&#8230; en train de contempler cette magnifique vo\u00fbte \u00e9toil\u00e9e. Un moment o\u00f9 rien ne compte sinon le sentiment d&rsquo;\u00eatre seul &#8230; <a title=\"L&rsquo;Univers et moi.\" class=\"read-more\" href=\"https:\/\/intermedium.fr\/laquete\/2022\/01\/15\/lunivers-et-moi\/\" aria-label=\"Plus sur L&rsquo;Univers et moi.\">Lire plus<\/a><\/p>\n","protected":false},"author":1,"featured_media":16093,"comment_status":"open","ping_status":"open","sticky":false,"template":"","format":"standard","meta":{"footnotes":""},"categories":[35,46],"tags":[],"class_list":["post-16214","post","type-post","status-publish","format-standard","has-post-thumbnail","hentry","category-la-quete-de-sens","category-philo","masonry-post","generate-columns","tablet-grid-50","mobile-grid-100","grid-parent","grid-25"],"_links":{"self":[{"href":"https:\/\/intermedium.fr\/laquete\/wp-json\/wp\/v2\/posts\/16214","targetHints":{"allow":["GET"]}}],"collection":[{"href":"https:\/\/intermedium.fr\/laquete\/wp-json\/wp\/v2\/posts"}],"about":[{"href":"https:\/\/intermedium.fr\/laquete\/wp-json\/wp\/v2\/types\/post"}],"author":[{"embeddable":true,"href":"https:\/\/intermedium.fr\/laquete\/wp-json\/wp\/v2\/users\/1"}],"replies":[{"embeddable":true,"href":"https:\/\/intermedium.fr\/laquete\/wp-json\/wp\/v2\/comments?post=16214"}],"version-history":[{"count":1,"href":"https:\/\/intermedium.fr\/laquete\/wp-json\/wp\/v2\/posts\/16214\/revisions"}],"predecessor-version":[{"id":17230,"href":"https:\/\/intermedium.fr\/laquete\/wp-json\/wp\/v2\/posts\/16214\/revisions\/17230"}],"wp:featuredmedia":[{"embeddable":true,"href":"https:\/\/intermedium.fr\/laquete\/wp-json\/wp\/v2\/media\/16093"}],"wp:attachment":[{"href":"https:\/\/intermedium.fr\/laquete\/wp-json\/wp\/v2\/media?parent=16214"}],"wp:term":[{"taxonomy":"category","embeddable":true,"href":"https:\/\/intermedium.fr\/laquete\/wp-json\/wp\/v2\/categories?post=16214"},{"taxonomy":"post_tag","embeddable":true,"href":"https:\/\/intermedium.fr\/laquete\/wp-json\/wp\/v2\/tags?post=16214"}],"curies":[{"name":"wp","href":"https:\/\/api.w.org\/{rel}","templated":true}]}}