{"id":16328,"date":"2022-01-23T15:54:57","date_gmt":"2022-01-23T14:54:57","guid":{"rendered":"https:\/\/colibris-nancy.fr\/?p=16328"},"modified":"2022-01-23T15:54:57","modified_gmt":"2022-01-23T14:54:57","slug":"face-a-lunivers-une-methode-universelle","status":"publish","type":"post","link":"https:\/\/intermedium.fr\/laquete\/2022\/01\/23\/face-a-lunivers-une-methode-universelle\/","title":{"rendered":"Face \u00e0 l&rsquo;Univers, une m\u00e9thode universelle !"},"content":{"rendered":"\n<div class=\"wp-block-columns is-layout-flex wp-container-core-columns-is-layout-9d6595d7 wp-block-columns-is-layout-flex\">\n<div class=\"wp-block-column is-layout-flow wp-block-column-is-layout-flow\" style=\"flex-basis:33.33%\"><\/div>\n\n\n\n<div class=\"wp-block-column is-layout-flow wp-block-column-is-layout-flow\" style=\"flex-basis:66.66%\">\n<p>L&rsquo;article \u00ab\u00a0<a href=\"https:\/\/colibris-nancy.fr\/lunivers-et-moi\/\" target=\"_blank\" rel=\"noreferrer noopener\" title=\"L'Univers et moi\"><em>L&rsquo;Univers et moi<\/em><\/a>\u00a0\u00bb commence par une <strong>description<\/strong> de l&rsquo;image de l&rsquo;homme entre le ciel et la terre, puis se poursuit en \u00e9voquant du <strong>ressenti<\/strong> de l&rsquo;observateur, avant de <strong>r\u00e9fl\u00e9chir<\/strong> au sens que la situation lui inspire.<\/p>\n\n\n\n<p>On peut g\u00e9n\u00e9raliser en disant qu&rsquo;il y a dans toute situation, un <strong>\u00e9l\u00e9ment observable<\/strong>, une <strong>mani\u00e8re de le ressentir<\/strong> et un moment de <strong>r\u00e9flexion<\/strong> \u00e0 propos du sens ou de la raison.<\/p>\n\n\n\n<p class=\"has-text-align-center\"><strong>Ces trois moments sont n\u00e9cessaires et ins\u00e9parables pour comprendre<\/strong>. <br \/>(voir cet autre article : \u00ab\u00a0<a href=\"https:\/\/colibris-nancy.fr\/la-grande-regle-de-trois-gr3\/\" target=\"_blank\" rel=\"noreferrer noopener\" title=\"la grande r\u00e8gle de 3\">la grande r\u00e8gle de 3<\/a>\u00ab\u00a0)<\/p>\n\n\n\n<p class=\"has-medium-font-size\"><strong>Comprendre est le d\u00e9but de tout.<\/strong><\/p>\n\n\n\n<p>La r\u00e9flexion \u00e0 propos du sens ou de la raison, ouvre la voie du <strong>besoin<\/strong>.<\/p>\n\n\n\n<p>Dans le cas de la photo de contemplation de la vo\u00fbte c\u00e9leste, les id\u00e9es en grand nombre viennent \u00e0 l&rsquo;esprit, par exemple : pourquoi suis-je sensible au \u00ab\u00a0merveilleux\u00a0\u00bb ?<\/p>\n\n\n\n<p>Chacun peut r\u00e9pondre \u00e0 sa fa\u00e7on et la prise de conscience qui s&rsquo;en suit devrait conduire \u00e0 un <strong>besoin<\/strong> : peut-\u00eatre le besoin de silence, de calme, de r\u00e9flexion, de grandeur&#8230;<\/p>\n\n\n\n<p>La d\u00e9termination du\/des besoins, induisent une <strong>d\u00e9cision<\/strong>, une <strong>demande<\/strong>, une <strong>exigence<\/strong>&#8230; de faire ou non<\/p>\n\n\n\n<p><strong>OSBD est la r\u00e8gle universelle pour Comprendre et agir efficacement.<\/strong><\/p>\n\n\n\n<ul class=\"wp-block-list\"><li><strong>O<\/strong>bservation &#8211; du r\u00e9el, des faits, de la situation.<\/li><li><strong>S<\/strong>ensations-sentiments ou ressenti<\/li><li><strong>B<\/strong>esoins &#8211; Sens &#8211; signification<strong> &nbsp;<\/strong><\/li><li><strong>D<\/strong>\u00e9cision &#8211; Demande<\/li><\/ul>\n\n\n\n<p>&nbsp;Les applications de cette m\u00e9thode sont infinies et on peut imaginer que l&rsquo;homme en qu\u00eate de sens, y trouvera un outil permanent pour d\u00e9cider de sa vie. <\/p>\n\n\n\n<p>Un domaine particulier, o\u00f9 OSBD trouve toute son application c&rsquo;est la \u00ab\u00a0communication non-violente\u00a0\u00bb (CNV) de Marshal Rosenberg. <br \/> &#8211; L&rsquo;<strong>o<\/strong>bservation de la situation : l&rsquo;\u00e9coute attentive avec l&rsquo;envie de comprendre ce qui est dit.<br \/> &#8211; <strong>S<\/strong>ensation-sentiment-ressenti : ma fa\u00e7on de recevoir le message,<br \/> &#8211; Le <strong>b<\/strong>esoin exprim\u00e9 et\/ou le besoin que le message induit.<br \/> &#8211; La <strong>d<\/strong>emande qui s&rsquo;exprime ou non, en rapport avec le besoin identifi\u00e9. <\/p>\n\n\n\n<p>L&rsquo;application est particuli\u00e8rement efficace dans la r\u00e9solution de conflit, l&rsquo;entretien d&rsquo;aide, mais aussi dans la communication courante. Un niveau particulier devient tr\u00e8s perceptible. On ressent nettement la qualit\u00e9 d&rsquo;\u00e9coute ; l&rsquo;interlocuteur se sent \u00e9cout\u00e9 et compris dans \u00ab\u00a0ce qu&rsquo;il laisse entendre quand il dit ce qu&rsquo;il dit.<br \/><br \/><\/p>\n<\/div>\n<\/div>\n\n\n","protected":false},"excerpt":{"rendered":"<p>L&rsquo;article \u00ab\u00a0L&rsquo;Univers et moi\u00a0\u00bb commence par une description de l&rsquo;image de l&rsquo;homme entre le ciel et la terre, puis se poursuit en \u00e9voquant du ressenti de l&rsquo;observateur, avant de r\u00e9fl\u00e9chir &#8230; <a title=\"Face \u00e0 l&rsquo;Univers, une m\u00e9thode universelle !\" class=\"read-more\" href=\"https:\/\/intermedium.fr\/laquete\/2022\/01\/23\/face-a-lunivers-une-methode-universelle\/\" aria-label=\"Plus sur Face \u00e0 l&rsquo;Univers, une m\u00e9thode universelle !\">Lire plus<\/a><\/p>\n","protected":false},"author":1,"featured_media":16332,"comment_status":"open","ping_status":"open","sticky":false,"template":"","format":"standard","meta":{"footnotes":""},"categories":[46],"tags":[],"class_list":["post-16328","post","type-post","status-publish","format-standard","has-post-thumbnail","hentry","category-philo","masonry-post","generate-columns","tablet-grid-50","mobile-grid-100","grid-parent","grid-25"],"_links":{"self":[{"href":"https:\/\/intermedium.fr\/laquete\/wp-json\/wp\/v2\/posts\/16328","targetHints":{"allow":["GET"]}}],"collection":[{"href":"https:\/\/intermedium.fr\/laquete\/wp-json\/wp\/v2\/posts"}],"about":[{"href":"https:\/\/intermedium.fr\/laquete\/wp-json\/wp\/v2\/types\/post"}],"author":[{"embeddable":true,"href":"https:\/\/intermedium.fr\/laquete\/wp-json\/wp\/v2\/users\/1"}],"replies":[{"embeddable":true,"href":"https:\/\/intermedium.fr\/laquete\/wp-json\/wp\/v2\/comments?post=16328"}],"version-history":[{"count":0,"href":"https:\/\/intermedium.fr\/laquete\/wp-json\/wp\/v2\/posts\/16328\/revisions"}],"wp:featuredmedia":[{"embeddable":true,"href":"https:\/\/intermedium.fr\/laquete\/wp-json\/wp\/v2\/media\/16332"}],"wp:attachment":[{"href":"https:\/\/intermedium.fr\/laquete\/wp-json\/wp\/v2\/media?parent=16328"}],"wp:term":[{"taxonomy":"category","embeddable":true,"href":"https:\/\/intermedium.fr\/laquete\/wp-json\/wp\/v2\/categories?post=16328"},{"taxonomy":"post_tag","embeddable":true,"href":"https:\/\/intermedium.fr\/laquete\/wp-json\/wp\/v2\/tags?post=16328"}],"curies":[{"name":"wp","href":"https:\/\/api.w.org\/{rel}","templated":true}]}}