{"id":16975,"date":"2022-02-07T16:41:38","date_gmt":"2022-02-07T15:41:38","guid":{"rendered":"https:\/\/colibris-nancy.fr\/?p=16975"},"modified":"2022-02-07T16:41:38","modified_gmt":"2022-02-07T15:41:38","slug":"nous-voulons-un-president-qui-nous-ressemble","status":"publish","type":"post","link":"https:\/\/intermedium.fr\/laquete\/2022\/02\/07\/nous-voulons-un-president-qui-nous-ressemble\/","title":{"rendered":"Nous voulons un Pr\u00e9sident qui nous ressemble !"},"content":{"rendered":"\n<div class=\"wp-block-columns is-layout-flex wp-container-core-columns-is-layout-9d6595d7 wp-block-columns-is-layout-flex\">\n<div class=\"wp-block-column is-layout-flow wp-block-column-is-layout-flow\" style=\"flex-basis:33.33%\"><\/div>\n\n\n\n<div class=\"wp-block-column is-layout-flow wp-block-column-is-layout-flow\" style=\"flex-basis:66.66%\">\n<h2>Dans quelques semaines les \u00e9lections pr\u00e9sidentielles&#8230; <br \/>L&rsquo;\u00e9lu devrait \u00eatre le Pr\u00e9sident de tous les Fran\u00e7ais. Il y a d\u00e9j\u00e0 beaucoup de candidats issus des partis politiques, certains sont plus ceci et moins cela&#8230; cherchant \u00e0 s\u00e9duire \u00e0 droite ou \u00e0 gauche, mais aucun, je crois, ne porte vraiment les valeurs qui pourraient ressembler aux habitants de la France.<\/h2>\n<p>Je ne sais pas vous&#8230; mais moi, j&rsquo;aimerais que notre futur(e) Pr\u00e9sident ou Pr\u00e9sidente soit intelligent(e) et comp\u00e9tent(e), m\u00eame nettement plus que moi, de telle sorte que je n&rsquo;aie pas \u00e0 me soucier de v\u00e9rifier ce qu&rsquo;il fera. Il faudrait qu&rsquo;il(elle) connaisse ses dossiers et que comme vous et moi, il(elle) puisse \u00eatre tenu(e) responsable de ce qu&rsquo;il(elle) fait, de ce qu&rsquo;il(elle) ne fait pas, mais aussi de ce qu&rsquo;il(elle) laisse faire. Un(e) Pr\u00e9sident(e) devrait avoir une intelligence qui surpasse la moyenne de telle sorte qu&rsquo;aucun des premiers venus ne puisse dire qu&rsquo;il aurait fait mieux. (Pardon Mesdames, pour l&rsquo;\u00e9criture inclusive&#8230; je renonce&#8230;)<\/p>\n<p>Bref, qu&rsquo;il ait la force et le courage d&rsquo;entreprendre, de pers\u00e9v\u00e9rer et de faire face aux oppositions qui n&rsquo;ont qu&rsquo;un seul objectif, celui de le faire tomber et d&rsquo;en rajouter sur la liste de ses \u00e9checs, au seul profit de leurs partis. Qui soit capable de dire ce qu&rsquo;il va faire et de faire ce qu&rsquo;il dit.<\/p>\n<p>Je voudrais aussi un Pr\u00e9sident qui soit juste et honn\u00eate et qui sache ce que ces mots veulent dire. Juste en toutes mati\u00e8res : sociales, fiscales, etc&#8230; Juste aussi dans son comportement : ni arrogant, ni bling-bling, ni agressif, ni effac\u00e9, ni tordu, ni dilettante. Juste dans sa pens\u00e9e, dans son raisonnement et dans ses d\u00e9cisions.<\/p>\n<p>Un ou une Pr\u00e9sidente, qui soit honn\u00eate, une autre fa\u00e7on d&rsquo;\u00eatre juste&#8230; J&rsquo;y vois bien s\u00fbr, une parfaite probit\u00e9 personnelle, qu&rsquo;il ne confonde pas ce qui l&rsquo;arrange et ce qu&rsquo;il faudrait pour le bien du pays, qu&rsquo;il sache la diff\u00e9rence entre la v\u00e9rit\u00e9, f\u00fbt-elle \u00e9crite avec un v minuscule et le mensonge.<br \/>Je serais ravi que mon Pr\u00e9sident soit prudent dans ses paroles et dans ses actes, au point qu&rsquo;il ne soit jamais oblig\u00e9 de s&rsquo;en excuser.<\/p>\n<p>Une derni\u00e8re vertu qui irait bien au Pr\u00e9sident que je nous souhaite, serait la temp\u00e9rance. Non pas dans sa fa\u00e7on de boire ou de manger, mais d&rsquo;une mani\u00e8re g\u00e9n\u00e9rale, qu&rsquo;il sache \u00e9viter les attitudes extr\u00eames, les absolus qu&rsquo;il ne peut pas tenir, ni les excitations et gesticulations, indignes de la fonction.<\/p>\n<p>Enfin, j&rsquo;aimerais un Pr\u00e9sident qui soit \u00e0 l&rsquo;\u00e9coute des gens, mais avec la disposition particuli\u00e8re de ceux qui ont vraiment envie de comprendre ce qui est dit.<\/p>\n<p>En un mot, je voudrais un Pr\u00e9sident qui ait la stature d&rsquo;un Pr\u00e9sident et dont je puisse \u00eatre fier. Pas un de ceux qui se croient oblig\u00e9s d&rsquo;insulter et mentir sur les autres pour donner \u00e0 croire qu&rsquo;ils sont beaux.<\/p>\n<p>Je ne sais pas vous&#8230; mais moi, c&rsquo;est comme \u00e7a que j&rsquo;ai \u00e9t\u00e9 \u00e9lev\u00e9 et que j&rsquo;essaie de vivre. J&rsquo;aimerais que mon Pr\u00e9sident de la R\u00e9publique me ressemble, mais en beaucoup mieux.<br \/>Avec tout ce que nous racontent les candidats, y en a t&rsquo;-il un qui vous ressemble ?<\/p>\n<p>Je n&rsquo;ai pas tout dit. Juste ce qu&rsquo;il faut pour que chacun puisse comprendre par diff\u00e9rence, ce qui serait parfaitement intol\u00e9rable pour un Pr\u00e9sident et pour qui je ne pourrais jamais voter.<\/p>\n<\/div>\n<\/div>\n","protected":false},"excerpt":{"rendered":"<p>Dans quelques semaines les \u00e9lections pr\u00e9sidentielles&#8230; L&rsquo;\u00e9lu devrait \u00eatre le Pr\u00e9sident de tous les Fran\u00e7ais. Il y a d\u00e9j\u00e0 beaucoup de candidats issus des partis politiques, certains sont plus ceci &#8230; <a title=\"Nous voulons un Pr\u00e9sident qui nous ressemble !\" class=\"read-more\" href=\"https:\/\/intermedium.fr\/laquete\/2022\/02\/07\/nous-voulons-un-president-qui-nous-ressemble\/\" aria-label=\"Plus sur Nous voulons un Pr\u00e9sident qui nous ressemble !\">Lire plus<\/a><\/p>\n","protected":false},"author":1,"featured_media":16978,"comment_status":"open","ping_status":"open","sticky":false,"template":"","format":"standard","meta":{"footnotes":""},"categories":[55],"tags":[75],"class_list":["post-16975","post","type-post","status-publish","format-standard","has-post-thumbnail","hentry","category-societe","tag-edito","masonry-post","generate-columns","tablet-grid-50","mobile-grid-100","grid-parent","grid-25"],"_links":{"self":[{"href":"https:\/\/intermedium.fr\/laquete\/wp-json\/wp\/v2\/posts\/16975","targetHints":{"allow":["GET"]}}],"collection":[{"href":"https:\/\/intermedium.fr\/laquete\/wp-json\/wp\/v2\/posts"}],"about":[{"href":"https:\/\/intermedium.fr\/laquete\/wp-json\/wp\/v2\/types\/post"}],"author":[{"embeddable":true,"href":"https:\/\/intermedium.fr\/laquete\/wp-json\/wp\/v2\/users\/1"}],"replies":[{"embeddable":true,"href":"https:\/\/intermedium.fr\/laquete\/wp-json\/wp\/v2\/comments?post=16975"}],"version-history":[{"count":0,"href":"https:\/\/intermedium.fr\/laquete\/wp-json\/wp\/v2\/posts\/16975\/revisions"}],"wp:featuredmedia":[{"embeddable":true,"href":"https:\/\/intermedium.fr\/laquete\/wp-json\/wp\/v2\/media\/16978"}],"wp:attachment":[{"href":"https:\/\/intermedium.fr\/laquete\/wp-json\/wp\/v2\/media?parent=16975"}],"wp:term":[{"taxonomy":"category","embeddable":true,"href":"https:\/\/intermedium.fr\/laquete\/wp-json\/wp\/v2\/categories?post=16975"},{"taxonomy":"post_tag","embeddable":true,"href":"https:\/\/intermedium.fr\/laquete\/wp-json\/wp\/v2\/tags?post=16975"}],"curies":[{"name":"wp","href":"https:\/\/api.w.org\/{rel}","templated":true}]}}