{"id":17089,"date":"2022-02-12T10:49:58","date_gmt":"2022-02-12T09:49:58","guid":{"rendered":"https:\/\/colibris-nancy.fr\/?p=17089"},"modified":"2022-02-12T10:49:58","modified_gmt":"2022-02-12T09:49:58","slug":"les-positions-de-vie","status":"publish","type":"post","link":"https:\/\/intermedium.fr\/laquete\/2022\/02\/12\/les-positions-de-vie\/","title":{"rendered":"Les positions de vie."},"content":{"rendered":"<article id=\"post-5062\" class=\"post-5062 post type-post status-publish format-standard hentry category-analyse-transactionnelle-atelier-quete-de-sens\">\n<div class=\"inside-article\">\n<div class=\"entry-content\">\n<h3>Nous avons \u00e9voqu\u00e9 les sc\u00e9narios\u2026 Il y en a plusieurs : celui qui concerne la vie professionnelle, celui de notre vie affective, etc\u2026 et celui de notre relation sociale.<br \/>\nNous pouvons examiner le contenu de ce sc\u00e9nario qui illustre le regard que nous portons habituellement sur les autres et sur nous-m\u00eames.<\/h3>\n<p>Prenons deux axes : Verticalement : <strong>Moi<\/strong>, horizontalement : <strong>les autres<\/strong>.<br \/>\nLa variation des axes : <strong>Non OK<\/strong> =&gt; <strong>OK.<br \/>\n<\/strong><\/p>\n<p>On distingue quatre \u00e9ventualit\u00e9s :<br \/>\n\u2022 <strong>Je suis OK, les autres sont OK<\/strong> =&gt; Tout va bien, je suis respectueux de moi et des autres, je suis juste\u2026 et heureux.&nbsp; <strong>JOIE<\/strong><\/p>\n<p>\u2022 <strong>Je suis OK, mais les autres sont non OK<\/strong> =&gt; Je ne peux pas faire avancer le monde tout seul. Attitude parano\u00efaque agressive. <strong>COLERE<\/strong><\/p>\n<p>\u2022 <strong>Je ne suis pas OK, les autres sont tous meilleurs que moi<\/strong> =&gt; Peu confiance en moi, je n\u2019entreprends pas. Attitude d\u00e9pressive, soumise, fuite et d\u00e9nigrement de soi. <strong>TRISTESSE<\/strong><\/p>\n<p>\u2022 <strong>Je ne suis pas OK, mais les autres ne sont pas OK non plus<\/strong>. =&gt; Il n\u2019y a rien \u00e0 sauver, tout est fichu, toute peine est perdue. Attitude fataliste, de fuite de responsabilit\u00e9, toujours victime, abandon, r\u00e9sign\u00e9. <strong>PEUR<\/strong><\/p>\n<p><strong>Exercice<\/strong> :<\/p>\n<ul>\n<li><em>Qu\u2019est-ce que je peux faire de \u00e7a ?<\/em><\/li>\n<li><em>Quelle est l\u2019id\u00e9e que j\u2019ai de moi ? (en g\u00e9n\u00e9ral, ou dans telle ou telle situation particuli\u00e8re).<\/em><\/li>\n<li><em>Quelle est l\u2019id\u00e9e que j\u2019ai des autres ? (en g\u00e9n\u00e9ral, ou dans telle ou telle situation particuli\u00e8re).<\/em><\/li>\n<li><em>Comme pour les sc\u00e9narios, je peux d\u00e9cider de changer quelque chose.<\/em><\/li>\n<\/ul>\n<p><strong>Conclusion <\/strong>:<\/p>\n<p>Comme Colibris, nous privil\u00e9gions la coop\u00e9ration, soit la seule position gagnante : <strong>OK \u2013 OK.&nbsp;<\/strong> A nous de choisir comment.<br \/>\nPourtant, sauf \u00e0 y r\u00e9fl\u00e9chir vraiment, nous sommes convaincus que la vie est impensable sans comp\u00e9tition !<\/p>\n<\/div>\n<\/div>\n<\/article>\n","protected":false},"excerpt":{"rendered":"<p>Nous avons \u00e9voqu\u00e9 les sc\u00e9narios\u2026 Il y en a plusieurs : celui qui concerne la vie professionnelle, celui de notre vie affective, etc\u2026 et celui de notre relation sociale. Nous &#8230; <a title=\"Les positions de vie.\" class=\"read-more\" href=\"https:\/\/intermedium.fr\/laquete\/2022\/02\/12\/les-positions-de-vie\/\" aria-label=\"Plus sur Les positions de vie.\">Lire plus<\/a><\/p>\n","protected":false},"author":1,"featured_media":17090,"comment_status":"open","ping_status":"open","sticky":false,"template":"","format":"standard","meta":{"footnotes":""},"categories":[61],"tags":[],"class_list":["post-17089","post","type-post","status-publish","format-standard","has-post-thumbnail","hentry","category-analyse-transactionnelle","masonry-post","generate-columns","tablet-grid-50","mobile-grid-100","grid-parent","grid-25"],"_links":{"self":[{"href":"https:\/\/intermedium.fr\/laquete\/wp-json\/wp\/v2\/posts\/17089","targetHints":{"allow":["GET"]}}],"collection":[{"href":"https:\/\/intermedium.fr\/laquete\/wp-json\/wp\/v2\/posts"}],"about":[{"href":"https:\/\/intermedium.fr\/laquete\/wp-json\/wp\/v2\/types\/post"}],"author":[{"embeddable":true,"href":"https:\/\/intermedium.fr\/laquete\/wp-json\/wp\/v2\/users\/1"}],"replies":[{"embeddable":true,"href":"https:\/\/intermedium.fr\/laquete\/wp-json\/wp\/v2\/comments?post=17089"}],"version-history":[{"count":0,"href":"https:\/\/intermedium.fr\/laquete\/wp-json\/wp\/v2\/posts\/17089\/revisions"}],"wp:featuredmedia":[{"embeddable":true,"href":"https:\/\/intermedium.fr\/laquete\/wp-json\/wp\/v2\/media\/17090"}],"wp:attachment":[{"href":"https:\/\/intermedium.fr\/laquete\/wp-json\/wp\/v2\/media?parent=17089"}],"wp:term":[{"taxonomy":"category","embeddable":true,"href":"https:\/\/intermedium.fr\/laquete\/wp-json\/wp\/v2\/categories?post=17089"},{"taxonomy":"post_tag","embeddable":true,"href":"https:\/\/intermedium.fr\/laquete\/wp-json\/wp\/v2\/tags?post=17089"}],"curies":[{"name":"wp","href":"https:\/\/api.w.org\/{rel}","templated":true}]}}