{"id":17147,"date":"2022-02-12T11:56:33","date_gmt":"2022-02-12T10:56:33","guid":{"rendered":"https:\/\/colibris-nancy.fr\/?p=17103"},"modified":"2022-02-19T12:15:56","modified_gmt":"2022-02-19T11:15:56","slug":"oser","status":"publish","type":"post","link":"https:\/\/intermedium.fr\/laquete\/2022\/02\/12\/oser\/","title":{"rendered":"Oser."},"content":{"rendered":"<h4><em>\u00ab\u00a0Oser n&rsquo;aurait pas de sens si on r\u00e9ussissait toujours \u00bb.<\/em><\/h4>\n<h3><strong>Oser c&rsquo;est vaincre la peur de l&rsquo;inconnu.<\/strong><\/h3>\n<p>D\u00e8s que nous osons quelque chose, il se produit un mouvement dynamique, un d\u00e9but de changement qui nous effraye parce que nous nous dirigeons vers une situation inconnue qui r\u00e9serve des surprises.<\/p>\n<p>Nous n&rsquo;avons jamais appris \u00e0 oser. Au contraire, on nous a plut\u00f4t appris \u00e0 rentrer dans l&rsquo;ordre, dans le rang, \u00e0 ne pas prendre\u00a0 de risques, \u00e0 ne pas nous montrer.<\/p>\n<p>Des proverbes du genre \u00ab\u00a0Pour vivre heureux, vivons cach\u00e9s\u00a0\u00bb et quelques r\u00e9primandes pour notre \u00ab\u00a0forte t\u00eate\u00a0\u00bb nous ont fait comprendre, \u00e0 l&rsquo;\u00e9poque o\u00f9 nous \u00e9tions mall\u00e9ables, que les exc\u00e8s de personnalit\u00e9 ne \u00ab\u00a0payent pas\u00a0\u00bb.<\/p>\n<p>Il n&rsquo;est donc pas \u00e9tonnant que nous manquions naturellement de capacit\u00e9 \u00e0 oser.<\/p>\n<h3><strong>Oser en quatre temps.<\/strong><\/h3>\n<p>Pour oser, il faut : le courage, la volont\u00e9 de r\u00e9ussir, de l&rsquo;optimisme, de la fantaisie et de l&rsquo;humour.<\/p>\n<p><strong>Le courage<\/strong> c&rsquo;est la connaissance des choses que nous pouvons faire et de celles qu&rsquo;il vaut mieux \u00e9viter.<\/p>\n<p><strong>La volont\u00e9 de r\u00e9ussir<\/strong> est li\u00e9e \u00e0 la confiance que nous avons en nous-m\u00eames. Ce sont les succ\u00e8s, \u00e0 petits pas, qui nous donnent confiance en nous, et nous permettent de nous affirmer. Ce mouvement est contrari\u00e9 par les \u00ab\u00a0messages\u00a0\u00bb qui alt\u00e8rent la confiance en nous.<\/p>\n<p><strong>L&rsquo;optimisme<\/strong> consiste \u00e0 pr\u00e9f\u00e9rer r\u00e9solument le verre \u00e0 moiti\u00e9 plein \u00e0 celui qui est \u00e0 moiti\u00e9 vide. C&rsquo;est une ouverture du caract\u00e8re, une confiance en ce que demain peut nous apporter et non une m\u00e9fiance en ce que nous pouvons perdre. L&rsquo;optimisme, c&rsquo;est se dire que ce n&rsquo;est pas forc\u00e9ment nous qui habitons trop loin de chez les autres ; c&rsquo;est aussi un regard amus\u00e9 sur les choses et sur les gens.<\/p>\n<p><strong>La fantaisie<\/strong> nous permet d&rsquo;aborder un probl\u00e8me assez grave sur un ton l\u00e9ger, en le d\u00e9dramatisant, en mettant une distance entre le probl\u00e8me et nous. L&rsquo;humour est une avanc\u00e9e vers les autres, c&rsquo;est une d\u00e9fense mais c&rsquo;est aussi un jeu de l&rsquo;\u00e2me ou de la psych\u00e9, nous permettant de voir la vie en y mettant un petit \u00ab\u00a0grain de sel\u00a0\u00bb.<\/p>\n<h3><strong>D\u00e9veloppement personnel et capacit\u00e9 \u00e0 oser.<\/strong><\/h3>\n<p>Notre capacit\u00e9 \u00e0 oser \u00e9volue par la progression de deux composantes qui sont de l&rsquo;ordre du d\u00e9veloppement personnel :<\/p>\n<p>&#8211; <strong>la compr\u00e9hension intellectuelle<\/strong>.<\/p>\n<p>Une fois que nous savons lire, il devient impossible de ne pas lire un texte apparaissant devant nos yeux. De m\u00eame, le fait de savoir comment fonctionne notre \u00eatre dans son environnement, implique que nous soyons tent\u00e9s d&rsquo;en appliquer les r\u00e8gles. Nous savons maintenant que les choses peuvent se passer autrement&#8230;<\/p>\n<p>&#8211; <strong>la compr\u00e9hension \u00e9motionnelle<\/strong>.<\/p>\n<p>La connaissance \u00e9motionnelle vient plus lentement. Elle s&rsquo;instaure petit \u00e0 petit jusqu&rsquo;au jour o\u00f9 nous sentons que nous sommes tout \u00e0 fait capables de faire. L\u00e0, nous nous rendons compte que ce qui \u00e9tait difficile et qui nous paralysait, c&rsquo;\u00e9tait l&rsquo;id\u00e9e que l&rsquo;on avait de la chose.\u00a0 En fait, c&rsquo;est en faisant les choses qu&rsquo;on d\u00e9couvre la facilit\u00e9 des choses, et oser c&rsquo;est une d\u00e9cision qui repose sur la capacit\u00e9 de joindre l&rsquo;acte \u00e0 la parole.<\/p>\n","protected":false},"excerpt":{"rendered":"<p>\u00ab\u00a0Oser n&rsquo;aurait pas de sens si on r\u00e9ussissait toujours \u00bb. Oser c&rsquo;est vaincre la peur de l&rsquo;inconnu. D\u00e8s que nous osons quelque chose, il se produit un mouvement dynamique, un &#8230; <a title=\"Oser.\" class=\"read-more\" href=\"https:\/\/intermedium.fr\/laquete\/2022\/02\/12\/oser\/\" aria-label=\"Plus sur Oser.\">Lire plus<\/a><\/p>\n","protected":false},"author":1,"featured_media":15696,"comment_status":"open","ping_status":"open","sticky":false,"template":"","format":"standard","meta":{"footnotes":""},"categories":[47],"tags":[],"class_list":["post-17147","post","type-post","status-publish","format-standard","has-post-thumbnail","hentry","category-pnl","masonry-post","generate-columns","tablet-grid-50","mobile-grid-100","grid-parent","grid-25"],"_links":{"self":[{"href":"https:\/\/intermedium.fr\/laquete\/wp-json\/wp\/v2\/posts\/17147","targetHints":{"allow":["GET"]}}],"collection":[{"href":"https:\/\/intermedium.fr\/laquete\/wp-json\/wp\/v2\/posts"}],"about":[{"href":"https:\/\/intermedium.fr\/laquete\/wp-json\/wp\/v2\/types\/post"}],"author":[{"embeddable":true,"href":"https:\/\/intermedium.fr\/laquete\/wp-json\/wp\/v2\/users\/1"}],"replies":[{"embeddable":true,"href":"https:\/\/intermedium.fr\/laquete\/wp-json\/wp\/v2\/comments?post=17147"}],"version-history":[{"count":2,"href":"https:\/\/intermedium.fr\/laquete\/wp-json\/wp\/v2\/posts\/17147\/revisions"}],"predecessor-version":[{"id":17275,"href":"https:\/\/intermedium.fr\/laquete\/wp-json\/wp\/v2\/posts\/17147\/revisions\/17275"}],"wp:featuredmedia":[{"embeddable":true,"href":"https:\/\/intermedium.fr\/laquete\/wp-json\/wp\/v2\/media\/15696"}],"wp:attachment":[{"href":"https:\/\/intermedium.fr\/laquete\/wp-json\/wp\/v2\/media?parent=17147"}],"wp:term":[{"taxonomy":"category","embeddable":true,"href":"https:\/\/intermedium.fr\/laquete\/wp-json\/wp\/v2\/categories?post=17147"},{"taxonomy":"post_tag","embeddable":true,"href":"https:\/\/intermedium.fr\/laquete\/wp-json\/wp\/v2\/tags?post=17147"}],"curies":[{"name":"wp","href":"https:\/\/api.w.org\/{rel}","templated":true}]}}