{"id":17320,"date":"2022-03-07T17:12:22","date_gmt":"2022-03-07T16:12:22","guid":{"rendered":"https:\/\/intermedium.fr\/laquete\/?p=17320"},"modified":"2022-03-07T17:12:23","modified_gmt":"2022-03-07T16:12:23","slug":"reflexions-face-a-lunivers","status":"publish","type":"post","link":"https:\/\/intermedium.fr\/laquete\/2022\/03\/07\/reflexions-face-a-lunivers\/","title":{"rendered":"R\u00e9flexions face \u00e0 l\u2019univers\u2026"},"content":{"rendered":"<p>Oui, nous avons fait l\u2019exercice sugg\u00e9r\u00e9 dans l\u2019article \u00ab\u00a0<a title=\"L'univers et moi\" href=\"https:\/\/intermedium.fr\/laquete\/lunivers-et-moi\/\" target=\"_blank\" rel=\"noreferrer noopener\">L\u2019univers et moi<\/a>\u2026\u00a0\u00bb<br \/>\nUne exploration mentale tr\u00e8s riche, qui m\u00e9riteraient des approfondissements. La liste n\u2019est pas limitative.<br \/>\n<strong>Que ceux parmi nos lecteurs qui trouveraient l\u2019un de ces sujets inspirants, n\u2019h\u00e9sitent pas \u00e0 partager\u2026<\/strong><\/p>\n<p>Comme le propose le <a href=\"https:\/\/colibris-nancy.fr\/la-grande-regle-de-trois-gr3\/\" target=\"_blank\" rel=\"noopener\">Gr3<\/a>, on peut classer ces id\u00e9es en trois cat\u00e9gories :<\/p>\n<ol>\n<li><strong>Les pens\u00e9es qui rel\u00e8vent de l\u2019observation<\/strong>\n<ul>\n<li>Le visuel qui illustre l\u2019infini<\/li>\n<li>Le visible et ce qui est plus loin, encore inconnu, mais que de nouveaux progr\u00e8s de la science permettront de d\u00e9couvrir.<\/li>\n<li>L\u2019infiniment grand \u00e0 l\u2019infiniment petit<\/li>\n<li>Les progr\u00e8s techniques<\/li>\n<li>La curiosit\u00e9 \u00e0 la base des d\u00e9couvertes.<\/li>\n<li>La recherche des origines de l\u2019univers,<\/li>\n<li>L\u2019interpr\u00e9tation des d\u00e9couvertes<\/li>\n<li>Tout est diff\u00e9rent et unique.<\/li>\n<li>Le temps qui passe : de l\u2019instantan\u00e9 au cycle orbital.<\/li>\n<li>La mesure du temps, de la nano seconde \u00e0 l\u2019ann\u00e9e lumi\u00e8re.<\/li>\n<li>Du big bang \u00e0 ce jour.<\/li>\n<li>Les accidents de l\u2019univers, m\u00e9t\u00e9orites, collisions, explosions, trous noirs, extinctions\u2026<\/li>\n<li>L\u2019\u00e9volution de l\u2019univers en expansion.<\/li>\n<li>Tout est anim\u00e9, mais para\u00eet immobile.<\/li>\n<li>Le lieu, l\u2019heure, la saison<\/li>\n<li>La clart\u00e9, La pollution atmosph\u00e9rique, lumineuse,<\/li>\n<li>L\u2019\u00e9cologie du monde, de la plan\u00e8te, de l\u2019univers. (pourquoi ne pas r\u00e9pandre les d\u00e9chets nucl\u00e9aires tr\u00e8s loin de la terre ?)<\/li>\n<li>Les lois universelles. L\u2019al\u00e9atoire et le pr\u00e9d\u00e9termin\u00e9.<\/li>\n<li>La logique les math\u00e9matiques, l\u2019astronomie, la pal\u00e9ontologie\u2026 .l\u2019histoire du monde et de l\u2019univers<\/li>\n<li>La conqu\u00eate de l\u2019espace.<\/li>\n<li>Les cycles, r\u00e9volutions, orbites, et la r\u00e9gularit\u00e9 de cette immense horloge.<\/li>\n<li>La fin d\u2019un monde, pas la fin de l\u2019univers<\/li>\n<li>L\u2019observation du r\u00e9el, permet d\u2019envisager ce qui sous-tend le r\u00e9el.<\/li>\n<li>L\u2019observation de ce qui diff\u00e9rencie l\u2019homme des autres esp\u00e8ces.<\/li>\n<li>L\u2019observation du monde qui nous entoure<\/li>\n<\/ul>\n<\/li>\n<li><strong>Les pens\u00e9es qui \u00e9voquent nos ressentis sensoriels ou affectifs.<\/strong>\n<ul>\n<li>La fa\u00e7on dont nous accueillons ce moment<\/li>\n<li>La sensibilit\u00e9 au \u00ab\u00a0merveilleux\u00a0\u00bb et au \u00ab\u00a0miracle de la nature\u00a0\u00bb<\/li>\n<li>L\u2019impression d\u2019immensit\u00e9.<\/li>\n<li>Les dispositions personnelles de cet instant particulier, d\u00e9termine des sensations et des sentiments remarquables<\/li>\n<li>Ce que je vois et ce que j\u2019imagine.<\/li>\n<li>Sensation de la place de l\u2019homme entre l\u2019infiniment grand et l\u2019infiniment petit.<\/li>\n<li>Impression de grandeur de l\u2019\u00eatre humain, au centre de l\u2019univers.<\/li>\n<li>Impression de v\u00e9rit\u00e9.<\/li>\n<li>Le silence de la nuit<\/li>\n<li>Se sentir existant par la perception sensorielle.<\/li>\n<li>Le temps d\u2019une vie et l\u2019\u00e9ternit\u00e9 en millions d\u2019ann\u00e9es lumi\u00e8re.<\/li>\n<li>Un univers apais\u00e9.<\/li>\n<li>L\u2019espoir de v\u00e9rit\u00e9<\/li>\n<li>Solitude ou multitude.<\/li>\n<li>Solitude dans ce monde. La relation \u00e0 l\u2019autre<\/li>\n<li>La connaissance de soi\u2026<\/li>\n<\/ul>\n<\/li>\n<li><strong>Les pens\u00e9es qui portent sur la question du sens, fruits d\u2019une r\u00e9flexion symbolique ou non, \u00e0 propos de nous-m\u00eames, de l\u2019humanit\u00e9, de la nature\u2026<\/strong>\n<ul>\n<li>Tous les hommes qui regardent le ciel, peuvent d\u00e9couvrir les m\u00eames \u00e9toiles. Les \u00e9toiles dans plusieurs sens : la v\u00e9rit\u00e9, les valeurs, le sens. Regarder le ciel, une attitude de recherche sinc\u00e8re, d\u2019authenticit\u00e9, de profondeur\u2026<\/li>\n<li>L\u2019image de la multitude des \u00e9toiles et de la multitude des \u00eatres humains.<\/li>\n<li>Solitude de l\u2019homme ? L\u2019homme n\u2019existe que parce qu\u2019il y a un \u00ab\u00a0Autre\u00a0\u00bb.<\/li>\n<li>Ce qui est en haut est comparable \u00e0 ce qui est en bas. Co\u00efncidence, raison d\u2019\u00eatre\u2026<\/li>\n<li>La qu\u00eate de sens est une n\u00e9cessit\u00e9.<\/li>\n<li>L\u2019homme debout entre ciel et terre : le ciel la perfection, la terre : ce qui est mat\u00e9riel, lourd, solide. Entre les deux, le roseau pensant, ses sensations et ses sentiments. Le symbole chinois.<\/li>\n<li>Ce qui est \u00e0 d\u00e9couvrir peut changer notre conception du monde. Notre v\u00e9rit\u00e9 n\u2019est pas la v\u00e9rit\u00e9. D\u2019o\u00f9 la n\u00e9cessit\u00e9 de rester \u00ab\u00a0cherchant\u00a0\u00bb et ouvert \u00e0 la v\u00e9rit\u00e9 \u00e0 venir.<\/li>\n<li>Plus j\u2019approfondis, plus je d\u00e9couvre en tous domaines.<\/li>\n<li>Tout est dans tout\u2026<\/li>\n<li>La place de l\u2019homme dans l\u2019univers, sa raison d\u2019\u00eatre, sa dignit\u00e9, sa responsabilit\u00e9, et son r\u00f4le.<\/li>\n<li>La science des humains : l\u2019humanisme \u00e0 l\u2019\u00e9chelle de la plan\u00e8te.<\/li>\n<li>Le d\u00e9but et la fin : de l\u2019univers, du monde, d\u2019une vie.<\/li>\n<li>Le r\u00e9el, la v\u00e9rit\u00e9, le suppos\u00e9<\/li>\n<li>Un univers pour tous<\/li>\n<li>Peut-on choisir notre destin<\/li>\n<li>La libert\u00e9 personnelle, de l\u2019esp\u00e8ce<\/li>\n<li>Une belle horloge, mais y a-t-il un horloger, ou un grand architecte ?<\/li>\n<\/ul>\n<\/li>\n<\/ol>\n<p><strong>Conclusion.<\/strong><br \/>\nIl n\u2019y a pas de conclusion \u00e0 cette liste, c\u2019est juste une entr\u00e9e en mati\u00e8re\u2026<br \/>\nCe n\u2019est que le commencement de ce qui vient \u00e0 l\u2019esprit lorsqu\u2019on regarde un ciel \u00e9toil\u00e9, et qui ouvre sur encore plus de questions.<br \/>\nPour illustrer cet article, j\u2019ai trouv\u00e9 cet arbre qui montre un autre regard sur le monde qui m\u2019entoure.<br \/>\nL\u2019important pour moi, c\u2019est moi. Mais sans les autres arbres qu\u2019il y autour, nous ne ferions pas une for\u00eat\u2026<\/p>\n<p>Le d\u00e9but de la qu\u00eate de sens, assur\u00e9ment. Mais aussi une large invitation \u00e0 la connaissance de soi.<br \/>\nA chacun de faire sa part, et pour une \u00ab\u00a0biodiversit\u00e9 mentale\u00a0\u00bb merci de partager votre r\u00e9flexion.<\/p>\n<p>L\u2019article pr\u00e9c\u00e9dent : \u2013 <a href=\"https:\/\/intermedium.fr\/laquete\/lunivers-et-moi\/\" target=\"_blank\" rel=\"noopener\">L\u2019univers et moi<\/a><\/p>\n","protected":false},"excerpt":{"rendered":"<p>Oui, nous avons fait l\u2019exercice sugg\u00e9r\u00e9 dans l\u2019article \u00ab\u00a0L\u2019univers et moi\u2026\u00a0\u00bb Une exploration mentale tr\u00e8s riche, qui m\u00e9riteraient des approfondissements. La liste n\u2019est pas limitative. Que ceux parmi nos lecteurs &#8230; <a title=\"R\u00e9flexions face \u00e0 l\u2019univers\u2026\" class=\"read-more\" href=\"https:\/\/intermedium.fr\/laquete\/2022\/03\/07\/reflexions-face-a-lunivers\/\" aria-label=\"Plus sur R\u00e9flexions face \u00e0 l\u2019univers\u2026\">Lire plus<\/a><\/p>\n","protected":false},"author":1,"featured_media":17321,"comment_status":"open","ping_status":"open","sticky":false,"template":"","format":"standard","meta":{"footnotes":""},"categories":[25],"tags":[],"class_list":["post-17320","post","type-post","status-publish","format-standard","has-post-thumbnail","hentry","category-ecologie-personnelle","masonry-post","generate-columns","tablet-grid-50","mobile-grid-100","grid-parent","grid-25"],"_links":{"self":[{"href":"https:\/\/intermedium.fr\/laquete\/wp-json\/wp\/v2\/posts\/17320","targetHints":{"allow":["GET"]}}],"collection":[{"href":"https:\/\/intermedium.fr\/laquete\/wp-json\/wp\/v2\/posts"}],"about":[{"href":"https:\/\/intermedium.fr\/laquete\/wp-json\/wp\/v2\/types\/post"}],"author":[{"embeddable":true,"href":"https:\/\/intermedium.fr\/laquete\/wp-json\/wp\/v2\/users\/1"}],"replies":[{"embeddable":true,"href":"https:\/\/intermedium.fr\/laquete\/wp-json\/wp\/v2\/comments?post=17320"}],"version-history":[{"count":1,"href":"https:\/\/intermedium.fr\/laquete\/wp-json\/wp\/v2\/posts\/17320\/revisions"}],"predecessor-version":[{"id":17322,"href":"https:\/\/intermedium.fr\/laquete\/wp-json\/wp\/v2\/posts\/17320\/revisions\/17322"}],"wp:featuredmedia":[{"embeddable":true,"href":"https:\/\/intermedium.fr\/laquete\/wp-json\/wp\/v2\/media\/17321"}],"wp:attachment":[{"href":"https:\/\/intermedium.fr\/laquete\/wp-json\/wp\/v2\/media?parent=17320"}],"wp:term":[{"taxonomy":"category","embeddable":true,"href":"https:\/\/intermedium.fr\/laquete\/wp-json\/wp\/v2\/categories?post=17320"},{"taxonomy":"post_tag","embeddable":true,"href":"https:\/\/intermedium.fr\/laquete\/wp-json\/wp\/v2\/tags?post=17320"}],"curies":[{"name":"wp","href":"https:\/\/api.w.org\/{rel}","templated":true}]}}