{"id":2409,"date":"2015-03-01T16:17:47","date_gmt":"2015-03-01T15:17:47","guid":{"rendered":"http:\/\/colibris-nancy.fr\/?p=2409"},"modified":"2015-03-01T16:17:47","modified_gmt":"2015-03-01T15:17:47","slug":"marc-de-cafe-compostage","status":"publish","type":"post","link":"https:\/\/intermedium.fr\/laquete\/2015\/03\/01\/marc-de-cafe-compostage\/","title":{"rendered":"Marc de caf\u00e9 &#8211; compostage"},"content":{"rendered":"<p><strong> Projet \u00ab Marc de caf\u00e9 \u2013 compostage \u00bb<\/strong><br \/>\nJe suis membre du Groupe local Colibri de Nancy. Actuellement je pilote un projet collectif autour du marc de caf\u00e9. C\u2019est un travail de groupe qui conduira \u00e0 une action de terrain visant \u00e0 sensibiliser les cafetiers et les consommateurs sur la question des d\u00e9chets. L\u2019id\u00e9e \u00e9tant : pourquoi jeter le marc alors qu\u2019il existe tant d\u2019utilisations possibles ?<br \/>\nCe projet trouve des applications dans le compostage, entre autres.<br \/>\nContact : Belaid T\u00e9l. 06.22.94.03.19<\/p>\n<p>&nbsp;<\/p>\n","protected":false},"excerpt":{"rendered":"<p>Projet \u00ab Marc de caf\u00e9 \u2013 compostage \u00bb Je suis membre du Groupe local Colibri de Nancy. Actuellement je pilote un projet collectif autour du marc de caf\u00e9. C\u2019est un &#8230; <a title=\"Marc de caf\u00e9 &#8211; compostage\" class=\"read-more\" href=\"https:\/\/intermedium.fr\/laquete\/2015\/03\/01\/marc-de-cafe-compostage\/\" aria-label=\"Plus sur Marc de caf\u00e9 &#8211; compostage\">Lire plus<\/a><\/p>\n","protected":false},"author":1,"featured_media":2530,"comment_status":"open","ping_status":"open","sticky":false,"template":"","format":"standard","meta":{"footnotes":""},"categories":[60],"tags":[],"class_list":["post-2409","post","type-post","status-publish","format-standard","has-post-thumbnail","hentry","category-marre-de-cafe","masonry-post","generate-columns","tablet-grid-50","mobile-grid-100","grid-parent","grid-25"],"_links":{"self":[{"href":"https:\/\/intermedium.fr\/laquete\/wp-json\/wp\/v2\/posts\/2409","targetHints":{"allow":["GET"]}}],"collection":[{"href":"https:\/\/intermedium.fr\/laquete\/wp-json\/wp\/v2\/posts"}],"about":[{"href":"https:\/\/intermedium.fr\/laquete\/wp-json\/wp\/v2\/types\/post"}],"author":[{"embeddable":true,"href":"https:\/\/intermedium.fr\/laquete\/wp-json\/wp\/v2\/users\/1"}],"replies":[{"embeddable":true,"href":"https:\/\/intermedium.fr\/laquete\/wp-json\/wp\/v2\/comments?post=2409"}],"version-history":[{"count":0,"href":"https:\/\/intermedium.fr\/laquete\/wp-json\/wp\/v2\/posts\/2409\/revisions"}],"wp:featuredmedia":[{"embeddable":true,"href":"https:\/\/intermedium.fr\/laquete\/wp-json\/wp\/v2\/media\/2530"}],"wp:attachment":[{"href":"https:\/\/intermedium.fr\/laquete\/wp-json\/wp\/v2\/media?parent=2409"}],"wp:term":[{"taxonomy":"category","embeddable":true,"href":"https:\/\/intermedium.fr\/laquete\/wp-json\/wp\/v2\/categories?post=2409"},{"taxonomy":"post_tag","embeddable":true,"href":"https:\/\/intermedium.fr\/laquete\/wp-json\/wp\/v2\/tags?post=2409"}],"curies":[{"name":"wp","href":"https:\/\/api.w.org\/{rel}","templated":true}]}}