{"id":2606,"date":"2015-04-16T12:00:10","date_gmt":"2015-04-16T10:00:10","guid":{"rendered":"http:\/\/colibris-nancy.fr\/?p=2606"},"modified":"2015-04-16T12:00:10","modified_gmt":"2015-04-16T10:00:10","slug":"un-portail-unique","status":"publish","type":"post","link":"https:\/\/intermedium.fr\/laquete\/2015\/04\/16\/un-portail-unique\/","title":{"rendered":"Un portail unique"},"content":{"rendered":"<h2><a href=\"http:\/\/colibris-nancy.fr\/wp-content\/uploads\/2015\/04\/10947176_10153175432692240_3858473339662605887_n.jpg\"><img loading=\"lazy\" decoding=\"async\" class=\"alignleft wp-image-2489\" src=\"http:\/\/colibris-nancy.fr\/wp-content\/uploads\/2015\/04\/10947176_10153175432692240_3858473339662605887_n-150x150.jpg\" alt=\"10947176_10153175432692240_3858473339662605887_n\" width=\"78\" height=\"78\" \/><\/a>Un portail unique pour les Colibris de Nancy.<\/h2>\n<p style=\"text-align: justify;\">Certes, vous pourrez toujours naviguer sur Internet \u00e0 votre aise, mais ici, vous trouverez tout ce qui concerne les actualit\u00e9s et les projets Colibris de Nancy et m\u00eame beaucoup plus.<\/p>\n<p style=\"text-align: justify;\">En effet, vous y trouverez une <strong>Biblioth\u00e8que<\/strong> de ressources diverses, une <strong>Bo\u00eete \u00e0 id\u00e9es<\/strong> pour noter tout ce qui fera peut-\u00eatre demain un grand Projet, des <strong>Petites annonces<\/strong> pour vendre ou donner un broyeur de jardin, un chaton, ou pour chercher ou offrir un emploi. Bref, tout ce qui concerne la vie de notre groupe, la culture permanente, l&rsquo;affirmation de nos valeurs, et la solidarit\u00e9.<\/p>\n<p style=\"text-align: justify;\">Enfin, des liens sont \u00e9tablis en direction des sites Colibris que vous fr\u00e9quentez habituellement, vers les associations amies, Facebook, etc&#8230;<\/p>\n<p style=\"text-align: justify;\">Mais ce <strong>Portail unique<\/strong> donnera surtout acc\u00e8s aux <strong>Espaces de travail<\/strong> des <strong>Groupes de projets<\/strong>.<\/p>\n<h3 style=\"text-align: center;\"><strong>Il se doit d&rsquo;\u00eatre au service de notre engagement.<\/strong><\/h3>\n<p style=\"text-align: justify;\">Le <strong>Menu principal<\/strong> vous entra\u00eenera vers les lieux de partage sp\u00e9cifiques permettant la discussion continue et en temps r\u00e9el, en vue de l&rsquo;avancement de chacun des projets. Ces \u00e9changes devraient se r\u00e9v\u00e9ler \u00e0 l&rsquo;usage, un gain de temps et une efficacit\u00e9 certaine, tant pour l&rsquo;animation du groupe que pour la progression du travail.<br \/>\nLa souplesse et la libert\u00e9 dans la mise en \u0153uvre de ces espaces de travail faciliteront l&rsquo;adaptation aux besoins propres \u00e0 chaque groupe. Il est \u00e9ventuellement possible de r\u00e9server leur acc\u00e8s par mot-cl\u00e9.<\/p>\n<p>En ce qui concerne la pr\u00e9sentation, elle est assez compl\u00e8te.<br \/>\nAinsi nous pouvons :<\/p>\n<ul>\n<li>Cr\u00e9er des <strong>articles<\/strong> qui seront class\u00e9s par cat\u00e9gories et sous cat\u00e9gories.<br \/>\nChaque articles peut g\u00e9n\u00e9rer une discussion par l&rsquo;adjonction de commentaires, (tr\u00e8s vivement recommand\u00e9s).<\/li>\n<li>Cr\u00e9er des pages sur lesquelles plusieurs pr\u00e9sentations sont possibles.\n<ul>\n<li>Textes, avec ou sans images<\/li>\n<li>Tableaux et colonnes (jusqu&rsquo;\u00e0 6 col.)<\/li>\n<li>classeurs et accord\u00e9ons<\/li>\n<li>Menus,<\/li>\n<li>Cartes de localisation<\/li>\n<li>Vid\u00e9os, galeries, portofolios et diverses pr\u00e9sentations sur mesures.<\/li>\n<\/ul>\n<\/li>\n<li>Construire un calendrier \u00e9v\u00e8nementiel,<\/li>\n<li>\u00c9tablir des liens internes et externes.<\/li>\n<li>etc&#8230;<\/li>\n<\/ul>\n<p>Moyennant quelques adaptations, il est possible d&rsquo;ajouter bien d&rsquo;autres modules \u00e0 la demande<\/p>\n<p>Un dernier petit mot pour vous rassurer !<br \/>\nTout le monde sait envoyer un courriel et utiliser un traitement de texte, alors tout le monde peut utiliser ce site. Pour plus de d\u00e9tail voir la rubrique \u00ab\u00a0Mode d&#8217;emploi\u00a0\u00bb en premi\u00e8re colonne du pied de page (zone gris fonc\u00e9).<br \/>\nAucune connaissance informatique n&rsquo;est requise, juste votre enthousiasme \u00e0 communiquer pour \u00ab\u00a0soigner\u00a0\u00bb le lien qui nous unit.<\/p>\n","protected":false},"excerpt":{"rendered":"<p>Un portail unique pour les Colibris de Nancy. Certes, vous pourrez toujours naviguer sur Internet \u00e0 votre aise, mais ici, vous trouverez tout ce qui concerne les actualit\u00e9s et les &#8230; <a title=\"Un portail unique\" class=\"read-more\" href=\"https:\/\/intermedium.fr\/laquete\/2015\/04\/16\/un-portail-unique\/\" aria-label=\"Plus sur Un portail unique\">Lire plus<\/a><\/p>\n","protected":false},"author":1,"featured_media":0,"comment_status":"open","ping_status":"open","sticky":false,"template":"","format":"standard","meta":{"footnotes":""},"categories":[64],"tags":[],"class_list":["post-2606","post","type-post","status-publish","format-standard","hentry","category-creation-de-site","masonry-post","generate-columns","tablet-grid-50","mobile-grid-100","grid-parent","grid-25"],"_links":{"self":[{"href":"https:\/\/intermedium.fr\/laquete\/wp-json\/wp\/v2\/posts\/2606","targetHints":{"allow":["GET"]}}],"collection":[{"href":"https:\/\/intermedium.fr\/laquete\/wp-json\/wp\/v2\/posts"}],"about":[{"href":"https:\/\/intermedium.fr\/laquete\/wp-json\/wp\/v2\/types\/post"}],"author":[{"embeddable":true,"href":"https:\/\/intermedium.fr\/laquete\/wp-json\/wp\/v2\/users\/1"}],"replies":[{"embeddable":true,"href":"https:\/\/intermedium.fr\/laquete\/wp-json\/wp\/v2\/comments?post=2606"}],"version-history":[{"count":0,"href":"https:\/\/intermedium.fr\/laquete\/wp-json\/wp\/v2\/posts\/2606\/revisions"}],"wp:attachment":[{"href":"https:\/\/intermedium.fr\/laquete\/wp-json\/wp\/v2\/media?parent=2606"}],"wp:term":[{"taxonomy":"category","embeddable":true,"href":"https:\/\/intermedium.fr\/laquete\/wp-json\/wp\/v2\/categories?post=2606"},{"taxonomy":"post_tag","embeddable":true,"href":"https:\/\/intermedium.fr\/laquete\/wp-json\/wp\/v2\/tags?post=2606"}],"curies":[{"name":"wp","href":"https:\/\/api.w.org\/{rel}","templated":true}]}}