{"id":2838,"date":"2015-05-02T11:51:26","date_gmt":"2015-05-02T09:51:26","guid":{"rendered":"http:\/\/colibris-nancy.fr\/?p=2838"},"modified":"2015-05-02T11:51:26","modified_gmt":"2015-05-02T09:51:26","slug":"presentation-du-site","status":"publish","type":"post","link":"https:\/\/intermedium.fr\/laquete\/2015\/05\/02\/presentation-du-site\/","title":{"rendered":"Pr\u00e9sentation du site"},"content":{"rendered":"<h3><a href=\"http:\/\/colibris-nancy.fr\/wp-content\/uploads\/2015\/05\/Fotolia_28025822_X-04.jpeg\"><img loading=\"lazy\" decoding=\"async\" class=\"alignleft wp-image-3536 size-thumbnail\" src=\"http:\/\/colibris-nancy.fr\/wp-content\/uploads\/2015\/05\/Fotolia_28025822_X-04-150x150.jpeg\" alt=\"Fotolia_28025822_X-04\" width=\"150\" height=\"150\" srcset=\"https:\/\/intermedium.fr\/laquete\/wp-content\/uploads\/2015\/05\/Fotolia_28025822_X-04-150x150.jpeg 150w, https:\/\/intermedium.fr\/laquete\/wp-content\/uploads\/2015\/05\/Fotolia_28025822_X-04.jpeg 300w\" sizes=\"auto, (max-width: 150px) 100vw, 150px\" \/><\/a>Quelques observations :<\/h3>\n<p style=\"padding-left: 30px;\">\u2022 Nous manifestons r\u00e9guli\u00e8rement beaucoup de plaisir lors de nos r\u00e9unions mensuelles.<br \/>\n\u2022 Nous avons tous des projets pour un monde meilleur.<br \/>\n\u2022 Le temps est toujours trop court pour tout ce que nous avons \u00e0 nous dire<br \/>\n\u2022 C&rsquo;est en rentrant de nos r\u00e9unions que les bonnes id\u00e9es nous viennent \u00e0 l&rsquo;esprit.<\/p>\n<p><strong>Le projet du site est de faire comme si la r\u00e9union se poursuivait, en temps r\u00e9el, d&rsquo;un mois sur l&rsquo;autre.<\/strong><br \/>\nNous avons donc construit un site collaboratif : \u00ab\u00a0Portail unique\u00a0\u00bb<\/p>\n<p style=\"padding-left: 30px;\">\u2022 Centr\u00e9 sur les projets<br \/>\n\u2022 Des actualit\u00e9s continues<br \/>\n\u2022 Des ressources utiles \u00e0 tous<\/p>\n<h2>Centr\u00e9s sur les projets<\/h2>\n<p>1. Le porteur de projet r\u00e9dige un descriptif de son id\u00e9e dans une page qui constitue la chemise du classeur. (Cat\u00e9gories). <em>La cr\u00e9ation d&rsquo;une page et l&rsquo;ouverture d&rsquo;une nouvelle cat\u00e9gorie est assur\u00e9e avec l&rsquo;aide d&rsquo;un webmestre (Bernard, Ando)<\/em>.<br \/>\n2. Tous les membres du groupe peuvent ins\u00e9rer dans cette chemise des \u00ab\u00a0articles\u00a0\u00bb : des id\u00e9es; des questions, des observations, sujets de discussion, etc&#8230;<br \/>\n3. Chaque article est destin\u00e9 \u00e0 recevoir des \u00ab\u00a0Commentaires\u00a0\u00bb : compl\u00e9ments d&rsquo;information, \u00e9l\u00e9ment de discussion, objections, r\u00e9ponses&#8230;<br \/>\n4. Le porteur de projet compl\u00e8te au fur et \u00e0 mesure la page du classeur en y apportant les \u00e9l\u00e9ments acquis, les d\u00e9cisions, etc&#8230;<br \/>\nA la lecture des classeurs et des articles qu&rsquo;ils contiennent, il est possible de suivre l&rsquo;\u00e9volution de tout le projet. C&rsquo;est un excellente pr\u00e9paration des r\u00e9unions de projet.<br \/>\nOn ins\u00e9rera dans le classeur du projet, un article contenant les ordres du jour des r\u00e9unions, et un article concernant le compte rendu.<\/p>\n<p style=\"padding-left: 30px;\">\u2022 Tous les \u00ab\u00a0articles\u00a0\u00bb peuvent \u00eatre illustr\u00e9s et sont destin\u00e9s \u00e0 recevoir des commentaires et des commentaires des commentaires etc.<br \/>\n\u2022 Le mode d&#8217;emploi pour cr\u00e9er un article est accessible en permanence sur le site.<br \/>\n\u2022 La seule contrainte \u00e0 respecter scrupuleusement est d&rsquo;accrocher les articles au classeur (cat\u00e9gorie ou sous-cat\u00e9gorie) auquel les articles se rapportent.<br \/>\n\u2022 Les articles sont visibles par tout le monde. Mais ceux qui ont vocation \u00e0 rester confidentiels peuvent \u00eatre enregistr\u00e9s en \u00ab\u00a0priv\u00e9\u00a0\u00bb ou apr\u00e8s un mot de passe.<br \/>\n\u2022 Pour r\u00e9diger un article, il faut \u00eatre Colibri inscrit et connect\u00e9.<\/p>\n<h2>Des actualit\u00e9s continues<\/h2>\n<p style=\"padding-left: 30px;\">C&rsquo;est la page d&rsquo;accueil qui contient les actualit\u00e9s mises \u00e0 jour en temps r\u00e9el.<br \/>\n\u2022 en \u00ab\u00a0<strong>t\u00eate de page<\/strong>\u00a0\u00bb : infos importantes, invitations, sujet de r\u00e9flexion, messages&#8230;<br \/>\n\u2022 dans le \u00ab\u00a0<strong>slider<\/strong>\u00a0\u00bb ou \u00ab\u00a0<strong>d\u00e9filant<\/strong>\u00a0\u00bb contenant des articles de la cat\u00e9gorie News actualit\u00e9s : \u00e9v\u00e8nements pass\u00e9s ou \u00e0 venir, infos Colibris, nouveaux projets&#8230;<br \/>\n\u2022 dans le pav\u00e9 \u00ab\u00a0<strong>Infos des projets<\/strong>\u00a0\u00bb : pr\u00e9sentation de nouveaux projets&#8230;<br \/>\nEn fin de la page d&rsquo;accueil : <strong>les vid\u00e9os des Colibris<\/strong> .<\/p>\n<h2>Des ressources utiles \u00e0 tous<\/h2>\n<p style=\"padding-left: 30px;\">\u2022 accessibles par le \u00ab\u00a0<strong>Menu princuipal<\/strong>\u00ab\u00a0<\/p>\n<p style=\"padding-left: 60px;\">o <strong>L&rsquo;Agenda<\/strong> qui est tenu \u00e0 jour par vos informations : r\u00e9unions Colibris, r\u00e9unions des groupes de projet, \u00e9v\u00e8nements divers, conf\u00e9rences&#8230;<br \/>\no Les l<strong>ettres des Colibris<\/strong>, rassemblant les comptes-rendus de nos r\u00e9unions mensuelles.<br \/>\no <strong>Divers<\/strong> : contenant une \u00ab\u00a0bo\u00eete \u00e0 id\u00e9es\u00a0\u00bb et des \u00ab\u00a0petites annonces\u00a0\u00bb<br \/>\no Une rubrique \u00ab\u00a0<strong>Formations<\/strong>\u00a0\u00bb rassemblant les infos de stages pass\u00e9s ou \u00e0 venir, des R\u00e9sum\u00e9s de stages&#8230;<br \/>\no Une <strong>Biblioth\u00e8que<\/strong> pour rassembler des articles divers, r\u00e9sum\u00e9s de lecture, livres, vid\u00e9oth\u00e8que, galerie de photos&#8230;<br \/>\no <strong>Inscription<\/strong> pour l&rsquo;<strong>abonnement au site<\/strong> et un lien pour demander l&rsquo;<strong>adh\u00e9sion au Collectif Colibris de Nancy<\/strong>.<br \/>\n<em>L&rsquo;abonnement au site est ouvert \u00e0 tous. Leur droit se limite \u00e0 la r\u00e9daction de commentaires (contr\u00f4le mod\u00e9rateur)<\/em><br \/>\n<em>L&rsquo;abonnement pour r\u00e9diger un article est r\u00e9serv\u00e9 aux seuls membres Colibris de Nancy.<\/em><\/p>\n<p style=\"padding-left: 30px;\">\u2022 accessibles par la \u00ab\u00a0<strong>barre lat\u00e9rale<\/strong>\u00ab\u00a0<\/p>\n<p style=\"padding-left: 60px;\">o <strong>Dates \u00e0 retenir<\/strong>, r\u00e9sum\u00e9 automatique de l&rsquo;agenda.<br \/>\no <strong>Connexion<\/strong>, identit\u00e9 et mot de passe<br \/>\no <strong>Rejoindre les Colibris de Nancy<\/strong> : rappel de l&rsquo;adh\u00e9sion au Collectif Colibris de Nancy.<br \/>\no <strong>Articles r\u00e9cents<\/strong> : les 5 derniers articles publi\u00e9s.<br \/>\no <strong>Les Cat\u00e9gories<\/strong> : menu d\u00e9roulant donnant acc\u00e8s aux articles class\u00e9s par cat\u00e9gories et sous cat\u00e9gories<br \/>\no <strong>Les archives mensuelles<\/strong> de tous les articles<br \/>\no <strong>Les articles et pages phares<\/strong> donnant le titre et une vignette des articles les plus vues.<br \/>\no Un aper\u00e7u de la page <strong>Facebook<\/strong> de Colibris 54<\/p>\n<p style=\"padding-left: 30px;\">\u2022 accessibles par le \u00ab\u00a0<strong>pieds de page<\/strong>\u00a0\u00bb sur 4 colonnes.<\/p>\n<p style=\"padding-left: 60px;\">o Le mode d&#8217;emploi<br \/>\no Les liens Colibris<br \/>\no Les liens amis<br \/>\no Un rappel des bons usages.<\/p>\n<h2>Conclusion<\/h2>\n<p>Le site est un espace collaboratif qui n&rsquo;a d&rsquo;int\u00e9r\u00eat que si on le consulte r\u00e9guli\u00e8rement et qu&rsquo;il est utilis\u00e9 comme un outil de collaboration.<br \/>\nPour cela il convient de le faire vivre :<\/p>\n<p style=\"padding-left: 60px;\">\u2022 Mise \u00e0 jour r\u00e9guli\u00e8re<br \/>\n\u2022 Utilisation par les groupe de projets<br \/>\n\u2022 Qu&rsquo;il devienne le portail unique.<\/p>\n<p>Placez le d\u00e8s \u00e0 pr\u00e9sent dans la barre personnelle de vos favoris.<br \/>\nCe site reste un espace ouvert \u00e0 vos suggestions, modifiable dans son agencement en fonction des besoins exprim\u00e9s.<br \/>\nLes ressources d&rsquo;h\u00e9bergement sont tr\u00e8s importantes pour d&rsquo;autres usages et d\u00e9veloppements futurs.<br \/>\n<a href=\"mailto:bernie@colibris-nancy.fr\">Je me tiens \u00e0 disposition en cas de difficult\u00e9 et pour r\u00e9pondre \u00e0 toutes les questions.<\/a><\/p>\n<p>Bernard<\/p>\n","protected":false},"excerpt":{"rendered":"<p>Quelques observations : \u2022 Nous manifestons r\u00e9guli\u00e8rement beaucoup de plaisir lors de nos r\u00e9unions mensuelles. \u2022 Nous avons tous des projets pour un monde meilleur. \u2022 Le temps est toujours &#8230; <a title=\"Pr\u00e9sentation du site\" class=\"read-more\" href=\"https:\/\/intermedium.fr\/laquete\/2015\/05\/02\/presentation-du-site\/\" aria-label=\"Plus sur Pr\u00e9sentation du site\">Lire plus<\/a><\/p>\n","protected":false},"author":1,"featured_media":0,"comment_status":"open","ping_status":"open","sticky":false,"template":"","format":"standard","meta":{"footnotes":""},"categories":[64],"tags":[],"class_list":["post-2838","post","type-post","status-publish","format-standard","hentry","category-creation-de-site","masonry-post","generate-columns","tablet-grid-50","mobile-grid-100","grid-parent","grid-25"],"_links":{"self":[{"href":"https:\/\/intermedium.fr\/laquete\/wp-json\/wp\/v2\/posts\/2838","targetHints":{"allow":["GET"]}}],"collection":[{"href":"https:\/\/intermedium.fr\/laquete\/wp-json\/wp\/v2\/posts"}],"about":[{"href":"https:\/\/intermedium.fr\/laquete\/wp-json\/wp\/v2\/types\/post"}],"author":[{"embeddable":true,"href":"https:\/\/intermedium.fr\/laquete\/wp-json\/wp\/v2\/users\/1"}],"replies":[{"embeddable":true,"href":"https:\/\/intermedium.fr\/laquete\/wp-json\/wp\/v2\/comments?post=2838"}],"version-history":[{"count":0,"href":"https:\/\/intermedium.fr\/laquete\/wp-json\/wp\/v2\/posts\/2838\/revisions"}],"wp:attachment":[{"href":"https:\/\/intermedium.fr\/laquete\/wp-json\/wp\/v2\/media?parent=2838"}],"wp:term":[{"taxonomy":"category","embeddable":true,"href":"https:\/\/intermedium.fr\/laquete\/wp-json\/wp\/v2\/categories?post=2838"},{"taxonomy":"post_tag","embeddable":true,"href":"https:\/\/intermedium.fr\/laquete\/wp-json\/wp\/v2\/tags?post=2838"}],"curies":[{"name":"wp","href":"https:\/\/api.w.org\/{rel}","templated":true}]}}