{"id":2906,"date":"2015-05-05T16:26:02","date_gmt":"2015-05-05T14:26:02","guid":{"rendered":"http:\/\/colibris-nancy.fr\/?p=2906"},"modified":"2015-05-05T16:26:02","modified_gmt":"2015-05-05T14:26:02","slug":"que-faire-avec-du-marc-de-cafe","status":"publish","type":"post","link":"https:\/\/intermedium.fr\/laquete\/2015\/05\/05\/que-faire-avec-du-marc-de-cafe\/","title":{"rendered":"Que faire avec du marc de caf\u00e9"},"content":{"rendered":"<p>Vu sur internet :<\/p>\n<ul>\n<li><a href=\"http:\/\/www.encyclo-ecolo.com\/Marc_de_caf%C3%A9#Le_marc_de_caf.C3.A9_au_jardin\">encyclo-\u00e9colo<\/a><\/li>\n<li><a href=\"http:\/\/www.consoglobe.com\/21-astuces-marc-de-cafe-fiches-pratique-cg\">Consoglobe<\/a><\/li>\n<\/ul>\n<p>De nombreuses utilisations seraient possibles :<\/p>\n<ul>\n<li class=\"toclevel-1\"><span class=\"toctext\">Marc de caf\u00e9 et beaut\u00e9:<\/span>\n<ul>\n<li class=\"toclevel-2\"><span class=\"toctext\">en masque pour la peau<\/span><\/li>\n<li class=\"toclevel-2\"><span class=\"toctext\">comme exfoliant et gommage doux<\/span><\/li>\n<li class=\"toclevel-2\"><span class=\"toctext\"> pour les cheveux<\/span><\/li>\n<li class=\"toclevel-2\"><span class=\"toctext\"> contre les cernes<\/span><\/li>\n<li class=\"toclevel-2\"><span class=\"toctext\"> contre la cellulite<\/span><\/li>\n<li class=\"toclevel-2\"><span class=\"toctext\"> contre les foulures<\/span><\/li>\n<\/ul>\n<\/li>\n<li class=\"toclevel-1\"><span class=\"toctext\">Le marc de caf\u00e9 au jardin:<\/span>\n<ul>\n<li class=\"toclevel-2\"><span class=\"toctext\">comme engrais pour vos plantes<\/span><\/li>\n<li class=\"toclevel-2\"><span class=\"toctext\">contre les puces<\/span><\/li>\n<li class=\"toclevel-2\"><span class=\"toctext\">comme r\u00e9pulsif pour le jardinage<\/span><\/li>\n<li class=\"toclevel-2\"><span class=\"toctext\">contre les fourmis<\/span><\/li>\n<li class=\"toclevel-2\">c<span class=\"toctext\">ontre les chats<\/span><\/li>\n<\/ul>\n<\/li>\n<li class=\"toclevel-1\"><span class=\"toctext\">Le marc de caf\u00e9 \u00e0 la maison;<\/span>\n<ul>\n<li class=\"toclevel-2\"><span class=\"toctext\">contre les tuyaux bouch\u00e9s<\/span><\/li>\n<li class=\"toclevel-2\"><span class=\"toctext\">pour les meubles<\/span><\/li>\n<li class=\"toclevel-2\"><span class=\"toctext\">pour nettoyer la chemin\u00e9e<\/span><\/li>\n<li class=\"toclevel-2\"><span class=\"toctext\">contre les mauvaises odeurs<\/span><\/li>\n<li class=\"toclevel-2\"><span class=\"toctext\">comme produit nettoyant<\/span><\/li>\n<\/ul>\n<\/li>\n<li class=\"toclevel-1\"><span class=\"toctext\">Le marc de caf\u00e9 \u00e0 la cuisine:<\/span>\n<ul>\n<li class=\"toclevel-2\"><span class=\"toctext\">pour nettoyer la vaisselle<\/span><\/li>\n<li class=\"toclevel-2\"><span class=\"toctext\">contre les graisses<\/span><\/li>\n<li class=\"toclevel-2\"><span class=\"toctext\">comme attendrisseur<\/span><\/li>\n<li class=\"toclevel-2\"><span class=\"toctext\">contre les mauvaises odeurs<\/span><\/li>\n<li class=\"toclevel-2\">pour fluidifier les d\u00e9p\u00f4ts des canalisations<\/li>\n<\/ul>\n<\/li>\n<\/ul>\n<p>Pour les particuliers, les usages domestiques peuvent partiellement absorber la production familiale.<\/p>\n<p>Pour les professionnels, c&rsquo;est la collecte r\u00e9guli\u00e8re qui doit poser le plus de difficult\u00e9s. Il serait bien int\u00e9ressant de cerner les quantit\u00e9s que l&rsquo;on pourrait collecter dans une ville comme Nancy.<\/p>\n<p>&nbsp;<\/p>\n<p>&nbsp;<\/p>\n<p>&nbsp;<\/p>\n","protected":false},"excerpt":{"rendered":"<p>Vu sur internet : encyclo-\u00e9colo Consoglobe De nombreuses utilisations seraient possibles : Marc de caf\u00e9 et beaut\u00e9: en masque pour la peau comme exfoliant et gommage doux pour les cheveux &#8230; <a title=\"Que faire avec du marc de caf\u00e9\" class=\"read-more\" href=\"https:\/\/intermedium.fr\/laquete\/2015\/05\/05\/que-faire-avec-du-marc-de-cafe\/\" aria-label=\"Plus sur Que faire avec du marc de caf\u00e9\">Lire plus<\/a><\/p>\n","protected":false},"author":1,"featured_media":4255,"comment_status":"open","ping_status":"open","sticky":false,"template":"","format":"standard","meta":{"footnotes":""},"categories":[60],"tags":[],"class_list":["post-2906","post","type-post","status-publish","format-standard","has-post-thumbnail","hentry","category-marre-de-cafe","masonry-post","generate-columns","tablet-grid-50","mobile-grid-100","grid-parent","grid-25"],"_links":{"self":[{"href":"https:\/\/intermedium.fr\/laquete\/wp-json\/wp\/v2\/posts\/2906","targetHints":{"allow":["GET"]}}],"collection":[{"href":"https:\/\/intermedium.fr\/laquete\/wp-json\/wp\/v2\/posts"}],"about":[{"href":"https:\/\/intermedium.fr\/laquete\/wp-json\/wp\/v2\/types\/post"}],"author":[{"embeddable":true,"href":"https:\/\/intermedium.fr\/laquete\/wp-json\/wp\/v2\/users\/1"}],"replies":[{"embeddable":true,"href":"https:\/\/intermedium.fr\/laquete\/wp-json\/wp\/v2\/comments?post=2906"}],"version-history":[{"count":0,"href":"https:\/\/intermedium.fr\/laquete\/wp-json\/wp\/v2\/posts\/2906\/revisions"}],"wp:featuredmedia":[{"embeddable":true,"href":"https:\/\/intermedium.fr\/laquete\/wp-json\/wp\/v2\/media\/4255"}],"wp:attachment":[{"href":"https:\/\/intermedium.fr\/laquete\/wp-json\/wp\/v2\/media?parent=2906"}],"wp:term":[{"taxonomy":"category","embeddable":true,"href":"https:\/\/intermedium.fr\/laquete\/wp-json\/wp\/v2\/categories?post=2906"},{"taxonomy":"post_tag","embeddable":true,"href":"https:\/\/intermedium.fr\/laquete\/wp-json\/wp\/v2\/tags?post=2906"}],"curies":[{"name":"wp","href":"https:\/\/api.w.org\/{rel}","templated":true}]}}