{"id":3073,"date":"2015-01-24T17:41:05","date_gmt":"2015-01-24T16:41:05","guid":{"rendered":"http:\/\/colibris-nancy.fr\/?p=3073"},"modified":"2015-01-24T17:41:05","modified_gmt":"2015-01-24T16:41:05","slug":"la-cuisine-iranienne","status":"publish","type":"post","link":"https:\/\/intermedium.fr\/laquete\/2015\/01\/24\/la-cuisine-iranienne\/","title":{"rendered":"La cuisine iranienne."},"content":{"rendered":"<p>Pour inaugurer cet atelier de cuisine, Fran\u00e7oise a offert de le faire chez elle et dans sa cuisine. G\u00e9nial !<\/p>\n<p>Pour avoir v\u00e9cu plusieurs ann\u00e9es en Iran, Fran\u00e7oise nous a pr\u00e9sent\u00e9 quelques sp\u00e9cialit\u00e9s de l\u00e0-bas, non sans apporter \u00e9galement les anecdotes et des t\u00e9moignages v\u00e9cus.<\/p>\n<p>Une soir\u00e9e inoubliable, la premi\u00e8re du genre.<\/p>\n<p>Merci Fran\u00e7oise<\/p>\n","protected":false},"excerpt":{"rendered":"<p>Pour inaugurer cet atelier de cuisine, Fran\u00e7oise a offert de le faire chez elle et dans sa cuisine. G\u00e9nial ! Pour avoir v\u00e9cu plusieurs ann\u00e9es en Iran, Fran\u00e7oise nous a &#8230; <a title=\"La cuisine iranienne.\" class=\"read-more\" href=\"https:\/\/intermedium.fr\/laquete\/2015\/01\/24\/la-cuisine-iranienne\/\" aria-label=\"Plus sur La cuisine iranienne.\">Lire plus<\/a><\/p>\n","protected":false},"author":1,"featured_media":0,"comment_status":"open","ping_status":"open","sticky":false,"template":"","format":"standard","meta":{"footnotes":""},"categories":[42],"tags":[],"class_list":["post-3073","post","type-post","status-publish","format-standard","hentry","category-nos-soirees","masonry-post","generate-columns","tablet-grid-50","mobile-grid-100","grid-parent","grid-25"],"_links":{"self":[{"href":"https:\/\/intermedium.fr\/laquete\/wp-json\/wp\/v2\/posts\/3073","targetHints":{"allow":["GET"]}}],"collection":[{"href":"https:\/\/intermedium.fr\/laquete\/wp-json\/wp\/v2\/posts"}],"about":[{"href":"https:\/\/intermedium.fr\/laquete\/wp-json\/wp\/v2\/types\/post"}],"author":[{"embeddable":true,"href":"https:\/\/intermedium.fr\/laquete\/wp-json\/wp\/v2\/users\/1"}],"replies":[{"embeddable":true,"href":"https:\/\/intermedium.fr\/laquete\/wp-json\/wp\/v2\/comments?post=3073"}],"version-history":[{"count":0,"href":"https:\/\/intermedium.fr\/laquete\/wp-json\/wp\/v2\/posts\/3073\/revisions"}],"wp:attachment":[{"href":"https:\/\/intermedium.fr\/laquete\/wp-json\/wp\/v2\/media?parent=3073"}],"wp:term":[{"taxonomy":"category","embeddable":true,"href":"https:\/\/intermedium.fr\/laquete\/wp-json\/wp\/v2\/categories?post=3073"},{"taxonomy":"post_tag","embeddable":true,"href":"https:\/\/intermedium.fr\/laquete\/wp-json\/wp\/v2\/tags?post=3073"}],"curies":[{"name":"wp","href":"https:\/\/api.w.org\/{rel}","templated":true}]}}