{"id":3117,"date":"2015-05-26T14:49:46","date_gmt":"2015-05-26T12:49:46","guid":{"rendered":"http:\/\/colibris-nancy.fr\/?p=3117"},"modified":"2015-05-26T14:49:46","modified_gmt":"2015-05-26T12:49:46","slug":"mai-2015","status":"publish","type":"post","link":"https:\/\/intermedium.fr\/laquete\/2015\/05\/26\/mai-2015\/","title":{"rendered":"Mai 2015"},"content":{"rendered":"<h1><a href=\"http:\/\/colibris-nancy.fr\/wp-content\/uploads\/2015\/03\/T\u00eate-Colibris-1.png\"><img loading=\"lazy\" decoding=\"async\" class=\"aligncenter wp-image-2359 size-full\" src=\"http:\/\/colibris-nancy.fr\/wp-content\/uploads\/2015\/03\/T\u00eate-Colibris-1.png\" alt=\"T\u00eate Colibris\" width=\"600\" height=\"173\" \/><\/a>\u00c7a r\u00e9sonne&#8230;<\/h1>\n<h3>\u00ab\u00a0Rien n\u2019arr\u00eate une id\u00e9e dont le temps est venu,\u00a0\u00bb (Victor Hugo)<\/h3>\n<p>Le mois dernier, nous vous avons pr\u00e9sent\u00e9 cette belle campagne dans laquelle les Colibris se sont lanc\u00e9s&#8230; tourn\u00e9s vers leur r\u00e9volution int\u00e9rieure, comme pr\u00e9alable essentiel \u00e0 toute transition soci\u00e9tale. Le succ\u00e8s consid\u00e9rable du film \u00ab\u00a0En qu\u00eate de sens\u00a0\u00bb (de Marc de la M\u00e9nardi\u00e8re et Nathana\u00ebl Coste) est la preuve de ce besoin de changement \u00e9prouv\u00e9 par nombre d&rsquo;entre nous.<\/p>\n<p>Plus de 1000 entr\u00e9es rien qu&rsquo;\u00e0 Nancy (sur 60 000 entr\u00e9es en France \u00e0 ce jour) ! C&rsquo;est enthousiasmant pour le demain \u00e0 construire.<\/p>\n<p>Alors joyeux voyage dans votre int\u00e9rieur et bienvenu chez Colibris !<\/p>\n<p>Le groupe local Colibris de Nancy a d\u00e9sormais un site internet :<br \/>\n<a href=\"http:\/\/www.colibris-nancy.fr\">www.colibris-nancy.fr<\/a><br \/>\nMerci \u00e0 Bernard, Ando, Philippe, Pierre, Renan et tous ceux qui ont contribu\u00e9 \u00e0 sa naissance.<\/p>\n<table width=\"100%\">\n<tbody>\n<tr>\n<td width=\"50%\">\n<table width=\"100%\">\n<tbody>\n<tr>\n<td>\n<table width=\"100%\">\n<tbody>\n<tr>\n<td>\n<table width=\"false\">\n<tbody>\n<tr>\n<td>\u00a0<a href=\"http:\/\/colibris-nancy.fr\/wp-content\/uploads\/2015\/05\/5e7a4cca-3559-4a96-99d8-0c5a6e205a58.jpg\"><img loading=\"lazy\" decoding=\"async\" class=\"alignnone size-medium wp-image-3120\" src=\"http:\/\/colibris-nancy.fr\/wp-content\/uploads\/2015\/05\/5e7a4cca-3559-4a96-99d8-0c5a6e205a58-300x227.jpg\" alt=\"5e7a4cca-3559-4a96-99d8-0c5a6e205a58\" width=\"300\" height=\"227\" srcset=\"https:\/\/intermedium.fr\/laquete\/wp-content\/uploads\/2015\/05\/5e7a4cca-3559-4a96-99d8-0c5a6e205a58-300x227.jpg 300w, https:\/\/intermedium.fr\/laquete\/wp-content\/uploads\/2015\/05\/5e7a4cca-3559-4a96-99d8-0c5a6e205a58-768x580.jpg 768w, https:\/\/intermedium.fr\/laquete\/wp-content\/uploads\/2015\/05\/5e7a4cca-3559-4a96-99d8-0c5a6e205a58.jpg 789w\" sizes=\"auto, (max-width: 300px) 100vw, 300px\" \/><\/a><\/td>\n<\/tr>\n<tr>\n<td width=\"264\"><strong>MARCHE MONDIALE CONTRE MONSANTO<\/strong> <strong>&#8211; SAM 23 MAI<\/strong><br \/>\nLe groupe local de Nancy organise la prochaine marche pacifiste mondiale contre Monsanto.<br \/>\nElle aura lieu ce samedi 23 mai d\u00e8s 15h, de la Place Maginot \u00e0 la Place Stanislas.<br \/>\nVous pouvez retrouver l&rsquo;\u00e9v\u00e8nement Facebook <a href=\"https:\/\/www.facebook.com\/events\/826981247338426\/\">ici<\/a>. Presque 300 personnes ont pr\u00e9vu de s&rsquo;y rendre !<br \/>\nRejoignez-nous, votre pancarte \u00e0 la main !<\/td>\n<\/tr>\n<\/tbody>\n<\/table>\n<\/td>\n<\/tr>\n<\/tbody>\n<\/table>\n<table width=\"100%\">\n<tbody>\n<tr>\n<td>\n<table width=\"false\">\n<tbody>\n<tr>\n<td>\u00a0<a href=\"http:\/\/colibris-nancy.fr\/wp-content\/uploads\/2015\/05\/f238d8bf-92c3-46a8-83c2-3408267bd1a9.png\"><img loading=\"lazy\" decoding=\"async\" class=\"alignnone size-medium wp-image-3122\" src=\"http:\/\/colibris-nancy.fr\/wp-content\/uploads\/2015\/05\/f238d8bf-92c3-46a8-83c2-3408267bd1a9-300x111.png\" alt=\"f238d8bf-92c3-46a8-83c2-3408267bd1a9\" width=\"300\" height=\"111\" srcset=\"https:\/\/intermedium.fr\/laquete\/wp-content\/uploads\/2015\/05\/f238d8bf-92c3-46a8-83c2-3408267bd1a9-300x111.png 300w, https:\/\/intermedium.fr\/laquete\/wp-content\/uploads\/2015\/05\/f238d8bf-92c3-46a8-83c2-3408267bd1a9-768x284.png 768w, https:\/\/intermedium.fr\/laquete\/wp-content\/uploads\/2015\/05\/f238d8bf-92c3-46a8-83c2-3408267bd1a9.png 851w\" sizes=\"auto, (max-width: 300px) 100vw, 300px\" \/><\/a><\/td>\n<\/tr>\n<tr>\n<td width=\"264\"><strong>ALTERNATIBA &#8211; APPEL A B\u00c9N\u00c9VOLES<\/strong><br \/>\nNancy accueillera les 13 et 14 juin prochain, cours L\u00e9opold\/Place Carnot, Alternatiba, le village des alternatives pour le climat. <strong>500 b\u00e9n\u00e9voles sont recherch\u00e9s pour l&rsquo;organisation d&rsquo;Alternatiba.<\/strong>\u00a0Vous voulez donner un coup de main\u00a0pendant l&rsquo;\u00e9v\u00e8nement (buvette, nettoyage du site, &#8230;), au montage \/d\u00e9montage,\u00a0\u00e0\u00a0l&rsquo;affichage, etc ? Vous avez des comp\u00e9tences\u00a0\u00e0\u00a0mettre\u00a0\u00e0\u00a0disposition (cuisine, bricolage, \u00e9lectricit\u00e9, &#8230;) ?<br \/>\nUn formulaire d&rsquo;inscription est disponible en ligne\u00a0<a href=\"https:\/\/docs.google.com\/forms\/d\/1JGc91N1EgPVO_7fOFg4KyxijJOW3-rvr8Ob5MCRt9i0\/viewform?c=0&amp;w=1\"><u>via ce lien<\/u><\/a>. N&rsquo;h\u00e9sitez pas\u00a0\u00e0\u00a0vous y inscrire et\u00a0\u00e0\u00a0faire passer le mot.<br \/>\nPour en savoir plus :\u00a0<a href=\"http:\/\/alternatiba-nancy.fr\">http:\/\/alternatiba-nancy.fr<\/a>\u00a0ou sur\u00a0contact@alternatiba-nancy.fr<br \/>\n<a href=\"https:\/\/www.facebook.com\/events\/929113480456774\/\">Lien vers l&rsquo;\u00e9v\u00e9nement Facebook<\/a><\/td>\n<\/tr>\n<\/tbody>\n<\/table>\n<\/td>\n<\/tr>\n<\/tbody>\n<\/table>\n<\/td>\n<\/tr>\n<\/tbody>\n<\/table>\n<\/td>\n<td width=\"50%\">\n<table width=\"100%\">\n<tbody>\n<tr>\n<td>\n<table width=\"100%\">\n<tbody>\n<tr>\n<td>\n<table width=\"false\">\n<tbody>\n<tr>\n<td>\u00a0<a href=\"http:\/\/colibris-nancy.fr\/wp-content\/uploads\/2015\/05\/12b44bb0-029a-4a5b-884a-bc1472635561.jpg\"><img loading=\"lazy\" decoding=\"async\" class=\"alignnone size-medium wp-image-3121\" src=\"http:\/\/colibris-nancy.fr\/wp-content\/uploads\/2015\/05\/12b44bb0-029a-4a5b-884a-bc1472635561-300x268.jpg\" alt=\"12b44bb0-029a-4a5b-884a-bc1472635561\" width=\"300\" height=\"268\" srcset=\"https:\/\/intermedium.fr\/laquete\/wp-content\/uploads\/2015\/05\/12b44bb0-029a-4a5b-884a-bc1472635561-300x268.jpg 300w, https:\/\/intermedium.fr\/laquete\/wp-content\/uploads\/2015\/05\/12b44bb0-029a-4a5b-884a-bc1472635561.jpg 600w\" sizes=\"auto, (max-width: 300px) 100vw, 300px\" \/><\/a><\/td>\n<\/tr>\n<tr>\n<td width=\"264\"><strong>CONCERT DE SOUTIEN ALTERNATIBA NANCY<\/strong> <strong>&#8211; SAM 30 MAI<\/strong><br \/>\n<a href=\"http:\/\/associationmla.canalblog.com\/\">L&rsquo;association M\u2019LA<\/a> organise un concert de soutien \u00e0 Alternatiba Nancy.<br \/>\nLes b\u00e9n\u00e9fices iront enti\u00e8rement \u00e0 l\u2019organisation de cet \u00e9v\u00e9nement tant attendu.Le samedi 30 mai, Chez Paulette \u00e0 Pagney-derri\u00e8re-Barine, pr\u00e9s de Toul, venez d\u00e9couvrir Cedric \u00ab\u00a0Congo\u00a0\u00bb Myton, chanteur d\u2019exception accompagn\u00e9 de son groupe\u00a0\u00e0 la source d\u2019un reggae de la trempe de Bob Marley.<br \/>\nM\u2019LA met \u00e0 disposition des billets au prix de 15 \u20ac et un BUS au d\u00e9part de Nancy (5 \u20ac).<br \/>\nToutes les informations utiles sur <a href=\"http:\/\/associationmla.canalblog.com\/archives\/2015\/04\/08\/31855282.html\">le site de M&rsquo;la<\/a>.<\/td>\n<\/tr>\n<\/tbody>\n<\/table>\n<\/td>\n<\/tr>\n<\/tbody>\n<\/table>\n<table width=\"100%\">\n<tbody>\n<tr>\n<td>\n<table width=\"false\">\n<tbody>\n<tr>\n<td>\u00a0<a href=\"http:\/\/colibris-nancy.fr\/wp-content\/uploads\/2015\/05\/80de5331-ac8e-4189-90e6-0a59fec6d303.jpg\"><img loading=\"lazy\" decoding=\"async\" class=\"alignnone size-medium wp-image-3123\" src=\"http:\/\/colibris-nancy.fr\/wp-content\/uploads\/2015\/05\/80de5331-ac8e-4189-90e6-0a59fec6d303-300x211.jpg\" alt=\"80de5331-ac8e-4189-90e6-0a59fec6d303\" width=\"300\" height=\"211\" srcset=\"https:\/\/intermedium.fr\/laquete\/wp-content\/uploads\/2015\/05\/80de5331-ac8e-4189-90e6-0a59fec6d303-300x211.jpg 300w, https:\/\/intermedium.fr\/laquete\/wp-content\/uploads\/2015\/05\/80de5331-ac8e-4189-90e6-0a59fec6d303.jpg 600w\" sizes=\"auto, (max-width: 300px) 100vw, 300px\" \/><\/a><\/td>\n<\/tr>\n<tr>\n<td width=\"264\"><strong>F\u00caTE AU JARDIN PARTAG\u00c9 DES 3 MAISONS<\/strong> <strong>&#8211; DIM 31 MAI<\/strong><br \/>\nJourn\u00e9e de f\u00eate au jardin partag\u00e9 des III maisons \u00e0 Nancy pour c\u00e9l\u00e9brer cet espace de jardinage collectif. Rendez-vous qui fait suite \u00e0 l&rsquo;inauguration du jardin il y a un an ! Ouverture public avec dons et trocs de plants et de graines avec les Incroyables Comestibles le matin.<br \/>\nGrand barbecue collectif en auberge espagnole \u00e0 midi.<br \/>\nAnimation l&rsquo;apr\u00e8s midi : jeux &amp; spectacle. Visite du jardin sur la journ\u00e9e.<br \/>\nPlus d&rsquo;informations prochainement sur <a href=\"https:\/\/www.facebook.com\/profile.php?id=100007395435800&amp;fref=ts\">la page Facebook du jardin<\/a>.<\/td>\n<\/tr>\n<\/tbody>\n<\/table>\n<\/td>\n<\/tr>\n<\/tbody>\n<\/table>\n<\/td>\n<\/tr>\n<\/tbody>\n<\/table>\n<\/td>\n<\/tr>\n<\/tbody>\n<\/table>\n","protected":false},"excerpt":{"rendered":"<p>\u00c7a r\u00e9sonne&#8230; \u00ab\u00a0Rien n\u2019arr\u00eate une id\u00e9e dont le temps est venu,\u00a0\u00bb (Victor Hugo) Le mois dernier, nous vous avons pr\u00e9sent\u00e9 cette belle campagne dans laquelle les Colibris se sont lanc\u00e9s&#8230; &#8230; <a title=\"Mai 2015\" class=\"read-more\" href=\"https:\/\/intermedium.fr\/laquete\/2015\/05\/26\/mai-2015\/\" aria-label=\"Plus sur Mai 2015\">Lire plus<\/a><\/p>\n","protected":false},"author":1,"featured_media":0,"comment_status":"open","ping_status":"open","sticky":false,"template":"","format":"standard","meta":{"footnotes":""},"categories":[5],"tags":[],"class_list":["post-3117","post","type-post","status-publish","format-standard","hentry","category-lettre-des-colibris","masonry-post","generate-columns","tablet-grid-50","mobile-grid-100","grid-parent","grid-25"],"_links":{"self":[{"href":"https:\/\/intermedium.fr\/laquete\/wp-json\/wp\/v2\/posts\/3117","targetHints":{"allow":["GET"]}}],"collection":[{"href":"https:\/\/intermedium.fr\/laquete\/wp-json\/wp\/v2\/posts"}],"about":[{"href":"https:\/\/intermedium.fr\/laquete\/wp-json\/wp\/v2\/types\/post"}],"author":[{"embeddable":true,"href":"https:\/\/intermedium.fr\/laquete\/wp-json\/wp\/v2\/users\/1"}],"replies":[{"embeddable":true,"href":"https:\/\/intermedium.fr\/laquete\/wp-json\/wp\/v2\/comments?post=3117"}],"version-history":[{"count":0,"href":"https:\/\/intermedium.fr\/laquete\/wp-json\/wp\/v2\/posts\/3117\/revisions"}],"wp:attachment":[{"href":"https:\/\/intermedium.fr\/laquete\/wp-json\/wp\/v2\/media?parent=3117"}],"wp:term":[{"taxonomy":"category","embeddable":true,"href":"https:\/\/intermedium.fr\/laquete\/wp-json\/wp\/v2\/categories?post=3117"},{"taxonomy":"post_tag","embeddable":true,"href":"https:\/\/intermedium.fr\/laquete\/wp-json\/wp\/v2\/tags?post=3117"}],"curies":[{"name":"wp","href":"https:\/\/api.w.org\/{rel}","templated":true}]}}