{"id":3404,"date":"2015-08-11T12:04:11","date_gmt":"2015-08-11T10:04:11","guid":{"rendered":"http:\/\/colibris-nancy.fr\/?p=3404"},"modified":"2015-08-11T12:04:11","modified_gmt":"2015-08-11T10:04:11","slug":"une-revolution-interieure","status":"publish","type":"post","link":"https:\/\/intermedium.fr\/laquete\/2015\/08\/11\/une-revolution-interieure\/","title":{"rendered":"La (R)\u00e9volution int\u00e9rieure"},"content":{"rendered":"<div class=\"commententry\">\n<p style=\"text-align: justify;\">Dans le cadre de la campagne \u00ab\u00a0Une (R)\u00e9volution int\u00e9rieure\u00a0\u00bb, de nombreuses contributions ont \u00e9t\u00e9 d\u00e9pos\u00e9es dans la rubrique \u00ab\u00a0Inspirer, s\u2019inspirer\u00a0\u00bb du site internet <a href=\"http:\/\/www.colibris-lemouvement.org\" rel=\"nofollow\">http:\/\/www.colibris-lemouvement.org<\/a>.<br \/>\nVous pourrez y d\u00e9couvrir un livre, un film, une rencontre qui a \u00e9t\u00e9 une \u00e9tape-cl\u00e9 sur le chemin d\u2019un colibri dans sa (R)\u00e9volution int\u00e9rieure.<br \/>\nC\u2019est ici :<br \/>\n<a href=\"http:\/\/www.colibris-lemouvement.org\/revolution\/une-revolution-interieure\/inspirer-sinspirer\" rel=\"nofollow\">http:\/\/www.colibris-lemouvement.org\/revolution\/une-revolution-interieure\/inspirer-sinspirer<\/a><\/p>\n<\/div>\n","protected":false},"excerpt":{"rendered":"<p>Dans le cadre de la campagne \u00ab\u00a0Une (R)\u00e9volution int\u00e9rieure\u00a0\u00bb, de nombreuses contributions ont \u00e9t\u00e9 d\u00e9pos\u00e9es dans la rubrique \u00ab\u00a0Inspirer, s\u2019inspirer\u00a0\u00bb du site internet http:\/\/www.colibris-lemouvement.org. Vous pourrez y d\u00e9couvrir un livre, &#8230; <a title=\"La (R)\u00e9volution int\u00e9rieure\" class=\"read-more\" href=\"https:\/\/intermedium.fr\/laquete\/2015\/08\/11\/une-revolution-interieure\/\" aria-label=\"Plus sur La (R)\u00e9volution int\u00e9rieure\">Lire plus<\/a><\/p>\n","protected":false},"author":1,"featured_media":3506,"comment_status":"open","ping_status":"open","sticky":false,"template":"","format":"standard","meta":{"footnotes":""},"categories":[35],"tags":[],"class_list":["post-3404","post","type-post","status-publish","format-standard","has-post-thumbnail","hentry","category-la-quete-de-sens","masonry-post","generate-columns","tablet-grid-50","mobile-grid-100","grid-parent","grid-25"],"_links":{"self":[{"href":"https:\/\/intermedium.fr\/laquete\/wp-json\/wp\/v2\/posts\/3404","targetHints":{"allow":["GET"]}}],"collection":[{"href":"https:\/\/intermedium.fr\/laquete\/wp-json\/wp\/v2\/posts"}],"about":[{"href":"https:\/\/intermedium.fr\/laquete\/wp-json\/wp\/v2\/types\/post"}],"author":[{"embeddable":true,"href":"https:\/\/intermedium.fr\/laquete\/wp-json\/wp\/v2\/users\/1"}],"replies":[{"embeddable":true,"href":"https:\/\/intermedium.fr\/laquete\/wp-json\/wp\/v2\/comments?post=3404"}],"version-history":[{"count":0,"href":"https:\/\/intermedium.fr\/laquete\/wp-json\/wp\/v2\/posts\/3404\/revisions"}],"wp:featuredmedia":[{"embeddable":true,"href":"https:\/\/intermedium.fr\/laquete\/wp-json\/wp\/v2\/media\/3506"}],"wp:attachment":[{"href":"https:\/\/intermedium.fr\/laquete\/wp-json\/wp\/v2\/media?parent=3404"}],"wp:term":[{"taxonomy":"category","embeddable":true,"href":"https:\/\/intermedium.fr\/laquete\/wp-json\/wp\/v2\/categories?post=3404"},{"taxonomy":"post_tag","embeddable":true,"href":"https:\/\/intermedium.fr\/laquete\/wp-json\/wp\/v2\/tags?post=3404"}],"curies":[{"name":"wp","href":"https:\/\/api.w.org\/{rel}","templated":true}]}}