{"id":3459,"date":"2015-08-13T11:43:37","date_gmt":"2015-08-13T09:43:37","guid":{"rendered":"http:\/\/colibris-nancy.fr\/?p=3459"},"modified":"2015-08-13T11:43:37","modified_gmt":"2015-08-13T09:43:37","slug":"fleur-de-seille-des-selles-pour-les-personnes-handicapees","status":"publish","type":"post","link":"https:\/\/intermedium.fr\/laquete\/2015\/08\/13\/fleur-de-seille-des-selles-pour-les-personnes-handicapees\/","title":{"rendered":"Fleur de Seille, des selles pour les personnes handicap\u00e9es"},"content":{"rendered":"<p><strong>Voici un projet alternatif et local qui m\u00e9rite un \u00e9lan de soutien !!!<\/strong><\/p>\n<p>Nous vous invitons \u00e0 participer \u00e0 son financement qui lui permettra de voir le jour ! Comme toute d\u00e9marche de ce type, quelques euros suffisent et le geste de chacun compte. La page Ulule est ici : <a href=\"https:\/\/fr.ulule.com\/fleur-de-seille\" target=\"_blank\" rel=\"nofollow noopener\">https:\/\/fr.ulule.com\/fleur-de-seille<\/a>. <span class=\"text_exposed_show\"><br \/>\nEt comme toujours, partageons et faisons fonctionner le bouche \u00e0 oreille&#8230; nous on y croit.<\/span><\/p>\n<div class=\"text_exposed_show\">\n<p>Le projet est port\u00e9 par un artisan sellier b\u00e9n\u00e9vole et courageuse, Sandra Martinez, et l&rsquo;association d&rsquo;\u00e9quicie Equit&rsquo;aide. Il consiste \u00e0 r\u00e9aliser un prototype de selle adapt\u00e9e \u00e0 toutes les personnes en situation de handicap mais \u00e9galement \u00e0 la morphologie du cheval et \u00e0 sa biom\u00e9canique. Il s&rsquo;agira de la premi\u00e8re selle de ce type qui prendra en compte le bien-\u00eatre du cheval.<\/p>\n<p>L&rsquo;\u00e9quicie est un nouveau m\u00e9tier qui consiste \u00e0 construire une relation d&rsquo;aide pour des personnes en situation de handicap avec le cheval comme m\u00e9diateur pour des projets th\u00e9rapeutiques, \u00e9ducatifs ou de loisir&#8230; une noble d\u00e9marche.<\/p>\n<p>N&rsquo;h\u00e9sitez pas \u00e0 visionner la vid\u00e9o de pr\u00e9sentation (version courte ici) :<\/p>\n<p><iframe loading=\"lazy\" width=\"1200\" height=\"675\" src=\"https:\/\/www.youtube.com\/embed\/aHSPTAori0w?start=163&#038;feature=oembed\" frameborder=\"0\" allowfullscreen><\/iframe><\/p>\n<\/div>\n","protected":false},"excerpt":{"rendered":"<p>Voici un projet alternatif et local qui m\u00e9rite un \u00e9lan de soutien !!! Nous vous invitons \u00e0 participer \u00e0 son financement qui lui permettra de voir le jour ! Comme &#8230; <a title=\"Fleur de Seille, des selles pour les personnes handicap\u00e9es\" class=\"read-more\" href=\"https:\/\/intermedium.fr\/laquete\/2015\/08\/13\/fleur-de-seille-des-selles-pour-les-personnes-handicapees\/\" aria-label=\"Plus sur Fleur de Seille, des selles pour les personnes handicap\u00e9es\">Lire plus<\/a><\/p>\n","protected":false},"author":1,"featured_media":0,"comment_status":"open","ping_status":"open","sticky":false,"template":"","format":"standard","meta":{"footnotes":""},"categories":[54],"tags":[],"class_list":["post-3459","post","type-post","status-publish","format-standard","hentry","category-sante","masonry-post","generate-columns","tablet-grid-50","mobile-grid-100","grid-parent","grid-25"],"_links":{"self":[{"href":"https:\/\/intermedium.fr\/laquete\/wp-json\/wp\/v2\/posts\/3459","targetHints":{"allow":["GET"]}}],"collection":[{"href":"https:\/\/intermedium.fr\/laquete\/wp-json\/wp\/v2\/posts"}],"about":[{"href":"https:\/\/intermedium.fr\/laquete\/wp-json\/wp\/v2\/types\/post"}],"author":[{"embeddable":true,"href":"https:\/\/intermedium.fr\/laquete\/wp-json\/wp\/v2\/users\/1"}],"replies":[{"embeddable":true,"href":"https:\/\/intermedium.fr\/laquete\/wp-json\/wp\/v2\/comments?post=3459"}],"version-history":[{"count":0,"href":"https:\/\/intermedium.fr\/laquete\/wp-json\/wp\/v2\/posts\/3459\/revisions"}],"wp:attachment":[{"href":"https:\/\/intermedium.fr\/laquete\/wp-json\/wp\/v2\/media?parent=3459"}],"wp:term":[{"taxonomy":"category","embeddable":true,"href":"https:\/\/intermedium.fr\/laquete\/wp-json\/wp\/v2\/categories?post=3459"},{"taxonomy":"post_tag","embeddable":true,"href":"https:\/\/intermedium.fr\/laquete\/wp-json\/wp\/v2\/tags?post=3459"}],"curies":[{"name":"wp","href":"https:\/\/api.w.org\/{rel}","templated":true}]}}