{"id":3592,"date":"2015-09-04T08:19:02","date_gmt":"2015-09-04T06:19:02","guid":{"rendered":"http:\/\/colibris-nancy.fr\/?p=3592"},"modified":"2015-09-04T08:19:02","modified_gmt":"2015-09-04T06:19:02","slug":"rendez-vous-de-rentree-2015","status":"publish","type":"post","link":"https:\/\/intermedium.fr\/laquete\/2015\/09\/04\/rendez-vous-de-rentree-2015\/","title":{"rendered":"Rendez-vous de Rentr\u00e9e 2015"},"content":{"rendered":"<p><a href=\"http:\/\/colibris-nancy.fr\/wp-content\/uploads\/2015\/08\/T\u00eate-Colibris.jpeg\"><img loading=\"lazy\" decoding=\"async\" class=\"aligncenter wp-image-3561 \" src=\"http:\/\/colibris-nancy.fr\/wp-content\/uploads\/2015\/08\/T\u00eate-Colibris.jpeg\" alt=\"T\u00eate-Colibris\" width=\"489\" height=\"141\" \/><\/a>C&rsquo;est la rentr\u00e9e !<br \/>\n<strong>Les Colibris de Nancy vous invitent \u00e0 leur rencontre mensuelle de septembre.<\/strong><\/p>\n<p>Retrouvons-nous<\/p>\n<h2 style=\"text-align: center;\"><strong>le mardi 15 septembre prochain \u00e0 18h30<\/strong><\/h2>\n<p>\u00e0 la MJC 3 Maisons de Nancy (Rue de Fontenoy) pour impulser ensemble les actions de l&rsquo;ann\u00e9e \u00e0 venir.<\/p>\n<p>Comme pour chaque rencontre, nous pr\u00e9voyons 2 heures d&rsquo;\u00e9changes et d&rsquo;informations \u00e0 partager, ponctu\u00e9es de jeux coop\u00e9ratifs et closes par un temps de convivialit\u00e9 gustative (dans un format d&rsquo;auberge espagnole, apportez un met sal\u00e9 ou sucr\u00e9, une boisson \u00e0 partager).<\/p>\n<p>Belle rentr\u00e9e en attendant et \u00e0 bient\u00f4t.<\/p>\n<p>Les Colibris de Nancy<\/p>\n<p><a href=\"http:\/\/colibris-nancy.fr\/wp-content\/uploads\/2015\/09\/troismaisons1a.jpg\"><img loading=\"lazy\" decoding=\"async\" class=\"alignnone wp-image-3605\" src=\"http:\/\/colibris-nancy.fr\/wp-content\/uploads\/2015\/09\/troismaisons1a-300x228.jpg\" alt=\"troismaisons1a\" width=\"203\" height=\"155\" srcset=\"https:\/\/intermedium.fr\/laquete\/wp-content\/uploads\/2015\/09\/troismaisons1a-300x228.jpg 300w, https:\/\/intermedium.fr\/laquete\/wp-content\/uploads\/2015\/09\/troismaisons1a-1024x777.jpg 1024w, https:\/\/intermedium.fr\/laquete\/wp-content\/uploads\/2015\/09\/troismaisons1a-768x583.jpg 768w, https:\/\/intermedium.fr\/laquete\/wp-content\/uploads\/2015\/09\/troismaisons1a.jpg 1141w\" sizes=\"auto, (max-width: 203px) 100vw, 203px\" \/><\/a><a href=\"http:\/\/colibris-nancy.fr\/wp-content\/uploads\/2015\/09\/troismaisons1a.jpg\">\u00a0\u00a0 <\/a><a href=\"http:\/\/colibris-nancy.fr\/wp-content\/uploads\/2015\/09\/troismaisons2a.jpg\"><img loading=\"lazy\" decoding=\"async\" class=\"alignnone wp-image-3607\" src=\"http:\/\/colibris-nancy.fr\/wp-content\/uploads\/2015\/09\/troismaisons2a-300x191.jpg\" alt=\"troismaisons2a\" width=\"243\" height=\"155\" srcset=\"https:\/\/intermedium.fr\/laquete\/wp-content\/uploads\/2015\/09\/troismaisons2a-300x191.jpg 300w, https:\/\/intermedium.fr\/laquete\/wp-content\/uploads\/2015\/09\/troismaisons2a-1024x651.jpg 1024w, https:\/\/intermedium.fr\/laquete\/wp-content\/uploads\/2015\/09\/troismaisons2a-768x488.jpg 768w, https:\/\/intermedium.fr\/laquete\/wp-content\/uploads\/2015\/09\/troismaisons2a-1536x976.jpg 1536w, https:\/\/intermedium.fr\/laquete\/wp-content\/uploads\/2015\/09\/troismaisons2a.jpg 1591w\" sizes=\"auto, (max-width: 243px) 100vw, 243px\" \/><\/a><a href=\"http:\/\/colibris-nancy.fr\/wp-content\/uploads\/2015\/09\/troismaisons1a.jpg\"> \u00a0 <\/a><a href=\"http:\/\/colibris-nancy.fr\/wp-content\/uploads\/2015\/09\/troismaisons3a.jpg\"><img loading=\"lazy\" decoding=\"async\" class=\"alignnone wp-image-3608\" src=\"http:\/\/colibris-nancy.fr\/wp-content\/uploads\/2015\/09\/troismaisons3a-300x190.jpg\" alt=\"troismaisons3a\" width=\"245\" height=\"155\" srcset=\"https:\/\/intermedium.fr\/laquete\/wp-content\/uploads\/2015\/09\/troismaisons3a-300x190.jpg 300w, https:\/\/intermedium.fr\/laquete\/wp-content\/uploads\/2015\/09\/troismaisons3a-1024x648.jpg 1024w, https:\/\/intermedium.fr\/laquete\/wp-content\/uploads\/2015\/09\/troismaisons3a-768x486.jpg 768w, https:\/\/intermedium.fr\/laquete\/wp-content\/uploads\/2015\/09\/troismaisons3a-1536x972.jpg 1536w, https:\/\/intermedium.fr\/laquete\/wp-content\/uploads\/2015\/09\/troismaisons3a.jpg 1760w\" sizes=\"auto, (max-width: 245px) 100vw, 245px\" \/><\/a><\/p>\n","protected":false},"excerpt":{"rendered":"<p>C&rsquo;est la rentr\u00e9e ! Les Colibris de Nancy vous invitent \u00e0 leur rencontre mensuelle de septembre. Retrouvons-nous le mardi 15 septembre prochain \u00e0 18h30 \u00e0 la MJC 3 Maisons de &#8230; <a title=\"Rendez-vous de Rentr\u00e9e 2015\" class=\"read-more\" href=\"https:\/\/intermedium.fr\/laquete\/2015\/09\/04\/rendez-vous-de-rentree-2015\/\" aria-label=\"Plus sur Rendez-vous de Rentr\u00e9e 2015\">Lire plus<\/a><\/p>\n","protected":false},"author":1,"featured_media":0,"comment_status":"open","ping_status":"open","sticky":false,"template":"","format":"standard","meta":{"footnotes":""},"categories":[5],"tags":[],"class_list":["post-3592","post","type-post","status-publish","format-standard","hentry","category-lettre-des-colibris","masonry-post","generate-columns","tablet-grid-50","mobile-grid-100","grid-parent","grid-25"],"_links":{"self":[{"href":"https:\/\/intermedium.fr\/laquete\/wp-json\/wp\/v2\/posts\/3592","targetHints":{"allow":["GET"]}}],"collection":[{"href":"https:\/\/intermedium.fr\/laquete\/wp-json\/wp\/v2\/posts"}],"about":[{"href":"https:\/\/intermedium.fr\/laquete\/wp-json\/wp\/v2\/types\/post"}],"author":[{"embeddable":true,"href":"https:\/\/intermedium.fr\/laquete\/wp-json\/wp\/v2\/users\/1"}],"replies":[{"embeddable":true,"href":"https:\/\/intermedium.fr\/laquete\/wp-json\/wp\/v2\/comments?post=3592"}],"version-history":[{"count":0,"href":"https:\/\/intermedium.fr\/laquete\/wp-json\/wp\/v2\/posts\/3592\/revisions"}],"wp:attachment":[{"href":"https:\/\/intermedium.fr\/laquete\/wp-json\/wp\/v2\/media?parent=3592"}],"wp:term":[{"taxonomy":"category","embeddable":true,"href":"https:\/\/intermedium.fr\/laquete\/wp-json\/wp\/v2\/categories?post=3592"},{"taxonomy":"post_tag","embeddable":true,"href":"https:\/\/intermedium.fr\/laquete\/wp-json\/wp\/v2\/tags?post=3592"}],"curies":[{"name":"wp","href":"https:\/\/api.w.org\/{rel}","templated":true}]}}