{"id":3614,"date":"2015-09-07T09:06:56","date_gmt":"2015-09-07T07:06:56","guid":{"rendered":"http:\/\/colibris-nancy.fr\/?p=3614"},"modified":"2015-09-07T09:06:56","modified_gmt":"2015-09-07T07:06:56","slug":"reduction-des-dechets-soiree-de-lancement-la-juste-dose","status":"publish","type":"post","link":"https:\/\/intermedium.fr\/laquete\/2015\/09\/07\/reduction-des-dechets-soiree-de-lancement-la-juste-dose\/","title":{"rendered":"R\u00e9duction des d\u00e9chets : Soir\u00e9e de lancement \u00ab\u00a0La Juste Dose\u00a0\u00bb"},"content":{"rendered":"<p><a href=\"http:\/\/colibris-nancy.fr\/wp-content\/uploads\/2015\/09\/Juste-dose.jpeg\"><img loading=\"lazy\" decoding=\"async\" class=\"aligncenter wp-image-3615 size-full\" src=\"http:\/\/colibris-nancy.fr\/wp-content\/uploads\/2015\/09\/Juste-dose.jpeg\" alt=\"Juste dose\" width=\"696\" height=\"294\" srcset=\"https:\/\/intermedium.fr\/laquete\/wp-content\/uploads\/2015\/09\/Juste-dose.jpeg 696w, https:\/\/intermedium.fr\/laquete\/wp-content\/uploads\/2015\/09\/Juste-dose-300x127.jpeg 300w\" sizes=\"auto, (max-width: 696px) 100vw, 696px\" \/><\/a>Vous avez peut-\u00eatre d\u00e9j\u00e0 entendu parler lors d&rsquo;une r\u00e9union Colibri de l&rsquo;association \u00ab\u00a0La Juste Dose\u00a0\u00bb&#8230; Le but est de promouvoir et exp\u00e9rimenter la vente en vrac avec des emballages r\u00e9utilisables.<\/p>\n<p>Nous vous donnons rendez-vous \u00e0 la <strong>MJC Lillebonne<\/strong>, (rue du Cheval Blanc en Vieille ville) pour<\/p>\n<h2 style=\"text-align: center;\">une soir\u00e9e de lancement<\/h2>\n<h3 style=\"text-align: center;\">le Jeudi 10 Septembre 2015 d\u00e8s 18h30-19h.<\/h3>\n<p>Nous pr\u00e9senterons le nouveau fonctionnement des distributions et les nouveaux produits, suivi d\u2019un moment convivial et d\u2019\u00e9change autour d\u2019un verre, vers 19h30.<\/p>\n<p>L&rsquo;occasion de se retrouver entre adh\u00e9rents et surtout de faire de nouvelles rencontres! (Parlez-en autour de vous nous serons heureux de r\u00e9pondre \u00e0 toutes les questions des nouveaux!)<\/p>\n<p>\u00e0 tr\u00e8s bient\u00f4t,<\/p>\n<p>Annabelle<br \/>\n<a href=\"http:\/\/www.lajustedose.fr\" target=\"_blank\" rel=\"noopener\">LaJusteDose.fr<\/a><\/p>\n","protected":false},"excerpt":{"rendered":"<p>Vous avez peut-\u00eatre d\u00e9j\u00e0 entendu parler lors d&rsquo;une r\u00e9union Colibri de l&rsquo;association \u00ab\u00a0La Juste Dose\u00a0\u00bb&#8230; Le but est de promouvoir et exp\u00e9rimenter la vente en vrac avec des emballages r\u00e9utilisables. &#8230; <a title=\"R\u00e9duction des d\u00e9chets : Soir\u00e9e de lancement \u00ab\u00a0La Juste Dose\u00a0\u00bb\" class=\"read-more\" href=\"https:\/\/intermedium.fr\/laquete\/2015\/09\/07\/reduction-des-dechets-soiree-de-lancement-la-juste-dose\/\" aria-label=\"Plus sur R\u00e9duction des d\u00e9chets : Soir\u00e9e de lancement \u00ab\u00a0La Juste Dose\u00a0\u00bb\">Lire plus<\/a><\/p>\n","protected":false},"author":1,"featured_media":0,"comment_status":"open","ping_status":"open","sticky":false,"template":"","format":"standard","meta":{"footnotes":""},"categories":[11],"tags":[],"class_list":["post-3614","post","type-post","status-publish","format-standard","hentry","category-alimentation","masonry-post","generate-columns","tablet-grid-50","mobile-grid-100","grid-parent","grid-25"],"_links":{"self":[{"href":"https:\/\/intermedium.fr\/laquete\/wp-json\/wp\/v2\/posts\/3614","targetHints":{"allow":["GET"]}}],"collection":[{"href":"https:\/\/intermedium.fr\/laquete\/wp-json\/wp\/v2\/posts"}],"about":[{"href":"https:\/\/intermedium.fr\/laquete\/wp-json\/wp\/v2\/types\/post"}],"author":[{"embeddable":true,"href":"https:\/\/intermedium.fr\/laquete\/wp-json\/wp\/v2\/users\/1"}],"replies":[{"embeddable":true,"href":"https:\/\/intermedium.fr\/laquete\/wp-json\/wp\/v2\/comments?post=3614"}],"version-history":[{"count":0,"href":"https:\/\/intermedium.fr\/laquete\/wp-json\/wp\/v2\/posts\/3614\/revisions"}],"wp:attachment":[{"href":"https:\/\/intermedium.fr\/laquete\/wp-json\/wp\/v2\/media?parent=3614"}],"wp:term":[{"taxonomy":"category","embeddable":true,"href":"https:\/\/intermedium.fr\/laquete\/wp-json\/wp\/v2\/categories?post=3614"},{"taxonomy":"post_tag","embeddable":true,"href":"https:\/\/intermedium.fr\/laquete\/wp-json\/wp\/v2\/tags?post=3614"}],"curies":[{"name":"wp","href":"https:\/\/api.w.org\/{rel}","templated":true}]}}