{"id":3703,"date":"2015-09-25T17:30:57","date_gmt":"2015-09-25T15:30:57","guid":{"rendered":"http:\/\/colibris-nancy.fr\/?p=3703"},"modified":"2015-09-25T17:30:57","modified_gmt":"2015-09-25T15:30:57","slug":"fete-de-la-soupe","status":"publish","type":"post","link":"https:\/\/intermedium.fr\/laquete\/2015\/09\/25\/fete-de-la-soupe\/","title":{"rendered":"F\u00eate de la soupe"},"content":{"rendered":"<p>Non, nous n&rsquo;avons pas gagn\u00e9 !<br \/>\nMais nous avons particip\u00e9 \u00e0 cette journ\u00e9e de cuisine en plein air. Chacun a fait sa part pour mitonner, sous les indications de Fran\u00e7oise, une soupe intitul\u00e9e \u00ab\u00a0Biotifoule\u00a0\u00bb suivant la recette ci-dessous.<\/p>\n<p>&nbsp;<\/p>\n<p><a href=\"http:\/\/colibris-nancy.fr\/wp-content\/uploads\/2015\/09\/WP_20150919_005.jpg\"><img loading=\"lazy\" decoding=\"async\" class=\"alignright wp-image-3729 size-full\" src=\"http:\/\/colibris-nancy.fr\/wp-content\/uploads\/2015\/09\/WP_20150919_005.jpg\" alt=\"WP_20150919_005\" width=\"600\" height=\"337\" srcset=\"https:\/\/intermedium.fr\/laquete\/wp-content\/uploads\/2015\/09\/WP_20150919_005.jpg 600w, https:\/\/intermedium.fr\/laquete\/wp-content\/uploads\/2015\/09\/WP_20150919_005-300x169.jpg 300w\" sizes=\"auto, (max-width: 600px) 100vw, 600px\" \/><\/a><\/p>\n<p>Nous avions partag\u00e9 notre stand avec les \u00ab\u00a0Gens du jardin\u00a0\u00bb des 3 maisons et nous leur avons m\u00eame donn\u00e9 un coup de main&#8230;<br \/>\nElles \u00e9taient bien bonnes nos soupes. Nous avions largement plus de 10 litres de chaque et deux tr\u00e8s longues queues se pressaient pour en go\u00fbter.<br \/>\nJ&rsquo;en ai m\u00eame vu qui sont revenus plusieurs fois&#8230;<\/p>\n<p>Nous \u00e9tions heureux ce soir l\u00e0, d&rsquo;avoir pass\u00e9 ensemble une excellente journ\u00e9e.<\/p>\n<p>&nbsp;<\/p>\n<p>&nbsp;<\/p>\n","protected":false},"excerpt":{"rendered":"<p>Non, nous n&rsquo;avons pas gagn\u00e9 ! Mais nous avons particip\u00e9 \u00e0 cette journ\u00e9e de cuisine en plein air. Chacun a fait sa part pour mitonner, sous les indications de Fran\u00e7oise, &#8230; <a title=\"F\u00eate de la soupe\" class=\"read-more\" href=\"https:\/\/intermedium.fr\/laquete\/2015\/09\/25\/fete-de-la-soupe\/\" aria-label=\"Plus sur F\u00eate de la soupe\">Lire plus<\/a><\/p>\n","protected":false},"author":1,"featured_media":3704,"comment_status":"open","ping_status":"open","sticky":false,"template":"","format":"standard","meta":{"footnotes":""},"categories":[62],"tags":[],"class_list":["post-3703","post","type-post","status-publish","format-standard","has-post-thumbnail","hentry","category-anecdotes-et-recettes","masonry-post","generate-columns","tablet-grid-50","mobile-grid-100","grid-parent","grid-25"],"_links":{"self":[{"href":"https:\/\/intermedium.fr\/laquete\/wp-json\/wp\/v2\/posts\/3703","targetHints":{"allow":["GET"]}}],"collection":[{"href":"https:\/\/intermedium.fr\/laquete\/wp-json\/wp\/v2\/posts"}],"about":[{"href":"https:\/\/intermedium.fr\/laquete\/wp-json\/wp\/v2\/types\/post"}],"author":[{"embeddable":true,"href":"https:\/\/intermedium.fr\/laquete\/wp-json\/wp\/v2\/users\/1"}],"replies":[{"embeddable":true,"href":"https:\/\/intermedium.fr\/laquete\/wp-json\/wp\/v2\/comments?post=3703"}],"version-history":[{"count":0,"href":"https:\/\/intermedium.fr\/laquete\/wp-json\/wp\/v2\/posts\/3703\/revisions"}],"wp:featuredmedia":[{"embeddable":true,"href":"https:\/\/intermedium.fr\/laquete\/wp-json\/wp\/v2\/media\/3704"}],"wp:attachment":[{"href":"https:\/\/intermedium.fr\/laquete\/wp-json\/wp\/v2\/media?parent=3703"}],"wp:term":[{"taxonomy":"category","embeddable":true,"href":"https:\/\/intermedium.fr\/laquete\/wp-json\/wp\/v2\/categories?post=3703"},{"taxonomy":"post_tag","embeddable":true,"href":"https:\/\/intermedium.fr\/laquete\/wp-json\/wp\/v2\/tags?post=3703"}],"curies":[{"name":"wp","href":"https:\/\/api.w.org\/{rel}","templated":true}]}}