{"id":3711,"date":"2015-09-29T11:15:25","date_gmt":"2015-09-29T09:15:25","guid":{"rendered":"http:\/\/colibris-nancy.fr\/?p=3711"},"modified":"2015-09-29T11:15:25","modified_gmt":"2015-09-29T09:15:25","slug":"projection-du-film-alphabet-derwin-wagenhofer","status":"publish","type":"post","link":"https:\/\/intermedium.fr\/laquete\/2015\/09\/29\/projection-du-film-alphabet-derwin-wagenhofer\/","title":{"rendered":"Projection du film \u00ab\u00a0Alphabet\u00a0\u00bb d&rsquo;Erwin Wagenhofer"},"content":{"rendered":"<p><a href=\"http:\/\/colibris-nancy.fr\/wp-content\/uploads\/2015\/09\/aac42959-ca2e-4577-a353-2d69c110a515.jpg\"><img loading=\"lazy\" decoding=\"async\" class=\"size-medium wp-image-3712 alignleft\" src=\"http:\/\/colibris-nancy.fr\/wp-content\/uploads\/2015\/09\/aac42959-ca2e-4577-a353-2d69c110a515-225x300.jpg\" alt=\"aac42959-ca2e-4577-a353-2d69c110a515\" width=\"225\" height=\"300\" srcset=\"https:\/\/intermedium.fr\/laquete\/wp-content\/uploads\/2015\/09\/aac42959-ca2e-4577-a353-2d69c110a515-225x300.jpg 225w, https:\/\/intermedium.fr\/laquete\/wp-content\/uploads\/2015\/09\/aac42959-ca2e-4577-a353-2d69c110a515.jpg 450w\" sizes=\"auto, (max-width: 225px) 100vw, 225px\" \/><\/a>suivi d&rsquo;un \u00e9change avec Andr\u00e9 Stern*<\/p>\n<p>SAMEDI 24 OCTOBRE \u00e0 20h, au Cam\u00e9o St S\u00e9b \u00e0 Nancy<br \/>\nColibris Nancy et le Cam\u00e9o vous proposent un film nourrissant, t\u00e9moin d&rsquo;une soci\u00e9t\u00e9 qui se perd dans une instruction comp\u00e9titive et distante des profonds besoins de l&rsquo;enfant, t\u00e9moin aussi de ceux qui font le choix d&rsquo;une autre \u00e9ducation tourn\u00e9e vers l&rsquo;autonomie, la confiance et la curiosit\u00e9 naturelle de l&rsquo;enfant. Deux visions qui se d\u00e9voilent, \u00e0 travers des exemples et prises de parole poignants.<br \/>\nPour en savoir plus sur ce<a href=\"http:\/\/colibris-lemouvement.us10.list-manage.com\/track\/click?u=18669616a27da460371803855&amp;id=acf48eb5f8&amp;e=f560a3047b\" target=\"_blank\" rel=\"noopener\"> film<\/a> et d\u00e9couvrir sa <a href=\"http:\/\/colibris-lemouvement.us10.list-manage2.com\/track\/click?u=18669616a27da460371803855&amp;id=9b61a9a09a&amp;e=f560a3047b\" target=\"_blank\" rel=\"noopener\">bande annonce<\/a><\/p>\n","protected":false},"excerpt":{"rendered":"<p>suivi d&rsquo;un \u00e9change avec Andr\u00e9 Stern* SAMEDI 24 OCTOBRE \u00e0 20h, au Cam\u00e9o St S\u00e9b \u00e0 Nancy Colibris Nancy et le Cam\u00e9o vous proposent un film nourrissant, t\u00e9moin d&rsquo;une soci\u00e9t\u00e9 &#8230; <a title=\"Projection du film \u00ab\u00a0Alphabet\u00a0\u00bb d&rsquo;Erwin Wagenhofer\" class=\"read-more\" href=\"https:\/\/intermedium.fr\/laquete\/2015\/09\/29\/projection-du-film-alphabet-derwin-wagenhofer\/\" aria-label=\"Plus sur Projection du film \u00ab\u00a0Alphabet\u00a0\u00bb d&rsquo;Erwin Wagenhofer\">Lire plus<\/a><\/p>\n","protected":false},"author":1,"featured_media":3712,"comment_status":"open","ping_status":"open","sticky":false,"template":"","format":"standard","meta":{"footnotes":""},"categories":[20,26],"tags":[],"class_list":["post-3711","post","type-post","status-publish","format-standard","has-post-thumbnail","hentry","category-cinema","category-education","masonry-post","generate-columns","tablet-grid-50","mobile-grid-100","grid-parent","grid-25"],"_links":{"self":[{"href":"https:\/\/intermedium.fr\/laquete\/wp-json\/wp\/v2\/posts\/3711","targetHints":{"allow":["GET"]}}],"collection":[{"href":"https:\/\/intermedium.fr\/laquete\/wp-json\/wp\/v2\/posts"}],"about":[{"href":"https:\/\/intermedium.fr\/laquete\/wp-json\/wp\/v2\/types\/post"}],"author":[{"embeddable":true,"href":"https:\/\/intermedium.fr\/laquete\/wp-json\/wp\/v2\/users\/1"}],"replies":[{"embeddable":true,"href":"https:\/\/intermedium.fr\/laquete\/wp-json\/wp\/v2\/comments?post=3711"}],"version-history":[{"count":0,"href":"https:\/\/intermedium.fr\/laquete\/wp-json\/wp\/v2\/posts\/3711\/revisions"}],"wp:featuredmedia":[{"embeddable":true,"href":"https:\/\/intermedium.fr\/laquete\/wp-json\/wp\/v2\/media\/3712"}],"wp:attachment":[{"href":"https:\/\/intermedium.fr\/laquete\/wp-json\/wp\/v2\/media?parent=3711"}],"wp:term":[{"taxonomy":"category","embeddable":true,"href":"https:\/\/intermedium.fr\/laquete\/wp-json\/wp\/v2\/categories?post=3711"},{"taxonomy":"post_tag","embeddable":true,"href":"https:\/\/intermedium.fr\/laquete\/wp-json\/wp\/v2\/tags?post=3711"}],"curies":[{"name":"wp","href":"https:\/\/api.w.org\/{rel}","templated":true}]}}