{"id":3717,"date":"2015-09-29T11:52:35","date_gmt":"2015-09-29T09:52:35","guid":{"rendered":"http:\/\/colibris-nancy.fr\/?p=3717"},"modified":"2015-09-29T11:52:35","modified_gmt":"2015-09-29T09:52:35","slug":"projection-du-film-etre-et-devenir-de-clara-bellar","status":"publish","type":"post","link":"https:\/\/intermedium.fr\/laquete\/2015\/09\/29\/projection-du-film-etre-et-devenir-de-clara-bellar\/","title":{"rendered":"Projection du film \u00ab\u00a0Etre et devenir\u00a0\u00bb de Clara Bellar"},"content":{"rendered":"<p><a href=\"http:\/\/colibris-nancy.fr\/wp-content\/uploads\/2015\/09\/9d4df94a-2817-4b06-9dc3-af17833441c3.jpg\"><img loading=\"lazy\" decoding=\"async\" class=\"size-medium wp-image-3719 alignleft\" src=\"http:\/\/colibris-nancy.fr\/wp-content\/uploads\/2015\/09\/9d4df94a-2817-4b06-9dc3-af17833441c3-232x300.jpg\" alt=\"9d4df94a-2817-4b06-9dc3-af17833441c3\" width=\"232\" height=\"300\" srcset=\"https:\/\/intermedium.fr\/laquete\/wp-content\/uploads\/2015\/09\/9d4df94a-2817-4b06-9dc3-af17833441c3-232x300.jpg 232w, https:\/\/intermedium.fr\/laquete\/wp-content\/uploads\/2015\/09\/9d4df94a-2817-4b06-9dc3-af17833441c3.jpg 400w\" sizes=\"auto, (max-width: 232px) 100vw, 232px\" \/><\/a>DIMANCHE 25 OCTOBRE \u00e0 10h, au Cam\u00e9o St S\u00e9b<br \/>\nNous vous invitons \u00e0 une matin\u00e9e \u00ab\u00a0Parents-enfants\u00a0\u00bb.<br \/>\nPour les grands : Le film Etre et devenir aborde le th\u00e8me de la confiance en l&rsquo;enfant et son d\u00e9veloppement, et propose de questionner les apprentissages et les choix possibles. La r\u00e9alisatrice nous emporte dans un voyage en France, en Angleterre, aux Etats-Unis et en Allemagne, \u00e0 la rencontre de parents qui ont choisi de ne pas scolariser leurs enfants. Le film sera suivi d&rsquo;un temps d&rsquo;\u00e9change avec le t\u00e9moignage de familles non-scolarisantes. Pour en savoir plus sur <a href=\"http:\/\/colibris-lemouvement.us10.list-manage.com\/track\/click?u=18669616a27da460371803855&amp;id=83012e1de1&amp;e=f560a3047b\" target=\"_blank\" rel=\"noopener\">le film<\/a> et sa <a href=\"http:\/\/colibris-lemouvement.us10.list-manage.com\/track\/click?u=18669616a27da460371803855&amp;id=aa8d88d74c&amp;e=f560a3047b\" target=\"_blank\" rel=\"noopener\">bande annonce<\/a>.<\/p>\n","protected":false},"excerpt":{"rendered":"<p>DIMANCHE 25 OCTOBRE \u00e0 10h, au Cam\u00e9o St S\u00e9b Nous vous invitons \u00e0 une matin\u00e9e \u00ab\u00a0Parents-enfants\u00a0\u00bb. Pour les grands : Le film Etre et devenir aborde le th\u00e8me de la &#8230; <a title=\"Projection du film \u00ab\u00a0Etre et devenir\u00a0\u00bb de Clara Bellar\" class=\"read-more\" href=\"https:\/\/intermedium.fr\/laquete\/2015\/09\/29\/projection-du-film-etre-et-devenir-de-clara-bellar\/\" aria-label=\"Plus sur Projection du film \u00ab\u00a0Etre et devenir\u00a0\u00bb de Clara Bellar\">Lire plus<\/a><\/p>\n","protected":false},"author":1,"featured_media":0,"comment_status":"open","ping_status":"open","sticky":false,"template":"","format":"standard","meta":{"footnotes":""},"categories":[20,26],"tags":[],"class_list":["post-3717","post","type-post","status-publish","format-standard","hentry","category-cinema","category-education","masonry-post","generate-columns","tablet-grid-50","mobile-grid-100","grid-parent","grid-25"],"_links":{"self":[{"href":"https:\/\/intermedium.fr\/laquete\/wp-json\/wp\/v2\/posts\/3717","targetHints":{"allow":["GET"]}}],"collection":[{"href":"https:\/\/intermedium.fr\/laquete\/wp-json\/wp\/v2\/posts"}],"about":[{"href":"https:\/\/intermedium.fr\/laquete\/wp-json\/wp\/v2\/types\/post"}],"author":[{"embeddable":true,"href":"https:\/\/intermedium.fr\/laquete\/wp-json\/wp\/v2\/users\/1"}],"replies":[{"embeddable":true,"href":"https:\/\/intermedium.fr\/laquete\/wp-json\/wp\/v2\/comments?post=3717"}],"version-history":[{"count":0,"href":"https:\/\/intermedium.fr\/laquete\/wp-json\/wp\/v2\/posts\/3717\/revisions"}],"wp:attachment":[{"href":"https:\/\/intermedium.fr\/laquete\/wp-json\/wp\/v2\/media?parent=3717"}],"wp:term":[{"taxonomy":"category","embeddable":true,"href":"https:\/\/intermedium.fr\/laquete\/wp-json\/wp\/v2\/categories?post=3717"},{"taxonomy":"post_tag","embeddable":true,"href":"https:\/\/intermedium.fr\/laquete\/wp-json\/wp\/v2\/tags?post=3717"}],"curies":[{"name":"wp","href":"https:\/\/api.w.org\/{rel}","templated":true}]}}