{"id":3731,"date":"2015-09-30T08:34:18","date_gmt":"2015-09-30T06:34:18","guid":{"rendered":"http:\/\/colibris-nancy.fr\/?p=3731"},"modified":"2015-09-30T08:34:18","modified_gmt":"2015-09-30T06:34:18","slug":"rentree-iranienne","status":"publish","type":"post","link":"https:\/\/intermedium.fr\/laquete\/2015\/09\/30\/rentree-iranienne\/","title":{"rendered":"Rentr\u00e9e iranienne"},"content":{"rendered":"<p style=\"text-align: justify;\"><a href=\"http:\/\/colibris-nancy.fr\/wp-content\/uploads\/2015\/09\/20150922_211950.jpg\"><img loading=\"lazy\" decoding=\"async\" class=\"size-medium wp-image-3732 alignleft\" src=\"http:\/\/colibris-nancy.fr\/wp-content\/uploads\/2015\/09\/20150922_211950-300x225.jpg\" alt=\"20150922_211950\" width=\"300\" height=\"225\" srcset=\"https:\/\/intermedium.fr\/laquete\/wp-content\/uploads\/2015\/09\/20150922_211950-300x225.jpg 300w, https:\/\/intermedium.fr\/laquete\/wp-content\/uploads\/2015\/09\/20150922_211950.jpg 640w\" sizes=\"auto, (max-width: 300px) 100vw, 300px\" \/><\/a>Pour notre rentr\u00e9e, Fran\u00e7oise nous a propos\u00e9 une reprise du tout premier atelier de cuisine de la saison derni\u00e8re, qui avait laiss\u00e9 des regrets parmi ceux qui n&rsquo;avaient pu y participer.<\/p>\n<p style=\"text-align: justify;\">Mais cette fois encore, il y aura des regrets puisque sur les 16 inscrits, 9 seulement ont pu venir. Fran\u00e7oise a d\u00fb refuser du monde qui, finalement, aurait pu venir.<\/p>\n<p style=\"text-align: justify;\">C&rsquo;est l\u00e0 que nous avons observ\u00e9 que les grandes tabl\u00e9es \u00e9taient g\u00e9niales, mais qu&rsquo;un nombre plus restreint ne manquait pas d&rsquo;int\u00e9r\u00eat \u00e0 en juger de l&rsquo;heure tardive lorsque nous avons pris cong\u00e9.<\/p>\n<p style=\"text-align: justify;\"><a href=\"http:\/\/colibris-nancy.fr\/wp-content\/uploads\/2015\/09\/20150922_204710.jpg\"><img loading=\"lazy\" decoding=\"async\" class=\"size-medium wp-image-3736 alignright\" src=\"http:\/\/colibris-nancy.fr\/wp-content\/uploads\/2015\/09\/20150922_204710-225x300.jpg\" alt=\"20150922_204710\" width=\"225\" height=\"300\" srcset=\"https:\/\/intermedium.fr\/laquete\/wp-content\/uploads\/2015\/09\/20150922_204710-225x300.jpg 225w, https:\/\/intermedium.fr\/laquete\/wp-content\/uploads\/2015\/09\/20150922_204710.jpg 480w\" sizes=\"auto, (max-width: 225px) 100vw, 225px\" \/><\/a><\/p>\n<p style=\"text-align: justify;\">L&rsquo;ambiance \u00e9tait festive comme chaque fois, mais avec une conversation plus centrale et peut \u00eatre un peu plus profonde que d&rsquo;habitude.<\/p>\n<p style=\"text-align: justify;\">Nous avons aussi beaucoup appr\u00e9ci\u00e9 la cuisine iranienne toute en couleurs et parfums. Le safran et l&rsquo;\u00e9pine vinette pour r\u00e9veiller le riz, les noix pour agr\u00e9menter la sauce du poulet et le yaourt avec sa fraicheur, constituaient un ensemble harmonieux, r\u00e9alisant un accord parfait avec l&rsquo;excellent M\u00e9doc offert par C\u00e9dric.<\/p>\n<p style=\"text-align: justify;\">La soir\u00e9e s&rsquo;est achev\u00e9e joyeusement, apr\u00e8s avoir d\u00e9cid\u00e9 du th\u00e8me du prochain atelier :\u00a0 la cuisine r\u00e9unionnaise.<\/p>\n<p>&nbsp;<\/p>\n<p>&nbsp;<\/p>\n","protected":false},"excerpt":{"rendered":"<p>Pour notre rentr\u00e9e, Fran\u00e7oise nous a propos\u00e9 une reprise du tout premier atelier de cuisine de la saison derni\u00e8re, qui avait laiss\u00e9 des regrets parmi ceux qui n&rsquo;avaient pu y &#8230; <a title=\"Rentr\u00e9e iranienne\" class=\"read-more\" href=\"https:\/\/intermedium.fr\/laquete\/2015\/09\/30\/rentree-iranienne\/\" aria-label=\"Plus sur Rentr\u00e9e iranienne\">Lire plus<\/a><\/p>\n","protected":false},"author":1,"featured_media":3740,"comment_status":"open","ping_status":"open","sticky":false,"template":"","format":"standard","meta":{"footnotes":""},"categories":[42],"tags":[],"class_list":["post-3731","post","type-post","status-publish","format-standard","has-post-thumbnail","hentry","category-nos-soirees","masonry-post","generate-columns","tablet-grid-50","mobile-grid-100","grid-parent","grid-25"],"_links":{"self":[{"href":"https:\/\/intermedium.fr\/laquete\/wp-json\/wp\/v2\/posts\/3731","targetHints":{"allow":["GET"]}}],"collection":[{"href":"https:\/\/intermedium.fr\/laquete\/wp-json\/wp\/v2\/posts"}],"about":[{"href":"https:\/\/intermedium.fr\/laquete\/wp-json\/wp\/v2\/types\/post"}],"author":[{"embeddable":true,"href":"https:\/\/intermedium.fr\/laquete\/wp-json\/wp\/v2\/users\/1"}],"replies":[{"embeddable":true,"href":"https:\/\/intermedium.fr\/laquete\/wp-json\/wp\/v2\/comments?post=3731"}],"version-history":[{"count":0,"href":"https:\/\/intermedium.fr\/laquete\/wp-json\/wp\/v2\/posts\/3731\/revisions"}],"wp:featuredmedia":[{"embeddable":true,"href":"https:\/\/intermedium.fr\/laquete\/wp-json\/wp\/v2\/media\/3740"}],"wp:attachment":[{"href":"https:\/\/intermedium.fr\/laquete\/wp-json\/wp\/v2\/media?parent=3731"}],"wp:term":[{"taxonomy":"category","embeddable":true,"href":"https:\/\/intermedium.fr\/laquete\/wp-json\/wp\/v2\/categories?post=3731"},{"taxonomy":"post_tag","embeddable":true,"href":"https:\/\/intermedium.fr\/laquete\/wp-json\/wp\/v2\/tags?post=3731"}],"curies":[{"name":"wp","href":"https:\/\/api.w.org\/{rel}","templated":true}]}}