{"id":3913,"date":"2015-10-21T11:23:29","date_gmt":"2015-10-21T09:23:29","guid":{"rendered":"http:\/\/colibris-nancy.fr\/?p=3913"},"modified":"2015-10-21T11:23:29","modified_gmt":"2015-10-21T09:23:29","slug":"cuisine-de-la-reunion","status":"publish","type":"post","link":"https:\/\/intermedium.fr\/laquete\/2015\/10\/21\/cuisine-de-la-reunion\/","title":{"rendered":"Cuisine de la R\u00e9union"},"content":{"rendered":"<p>Ce vendredi 16 octobre, nous avons d\u00een\u00e9 \u00e0 la R\u00e9union sous la houlette de C\u00e9dric.<\/p>\n<p>Les pr\u00e9paratifs ont \u00e9t\u00e9 partag\u00e9s au gr\u00e9 des volontaires, tout en d\u00e9gustant le Ti&rsquo; punch pour mettre de l&rsquo;ambiance et faire passer les larmes de ceux qui ont \u00e9minc\u00e9 les oignons.<\/p>\n<p>C&rsquo;est s\u00fbr qu&rsquo;il est plus agr\u00e9able de peler les mangues, mais \u00e7a glisse entre les doigts ces trucs l\u00e0 !\u00a0 Finalement il vaut mieux les manger.<br \/>\nC&rsquo;\u00e9tait d\u00e9licieux d&rsquo;originalit\u00e9 et de fraicheur pour une entr\u00e9e, m\u00eame avec les oignons.<\/p>\n<p>Pour la suite, nous avons pr\u00e9par\u00e9 le rougail saucisses, piment\u00e9 juste ce qu&rsquo;il faut, et le riz que Fran\u00e7oise r\u00e9ussit si bien.<\/p>\n<p><a href=\"http:\/\/colibris-nancy.fr\/wp-content\/uploads\/2015\/10\/20151016_201331a.jpg\"><img loading=\"lazy\" decoding=\"async\" class=\"alignnone wp-image-3918\" src=\"http:\/\/colibris-nancy.fr\/wp-content\/uploads\/2015\/10\/20151016_201331a-225x300.jpg\" alt=\"20151016_201331a\" width=\"203\" height=\"270\" srcset=\"https:\/\/intermedium.fr\/laquete\/wp-content\/uploads\/2015\/10\/20151016_201331a-225x300.jpg 225w, https:\/\/intermedium.fr\/laquete\/wp-content\/uploads\/2015\/10\/20151016_201331a.jpg 450w\" sizes=\"auto, (max-width: 203px) 100vw, 203px\" \/><\/a>\u00a0\u00a0 <a href=\"http:\/\/colibris-nancy.fr\/wp-content\/uploads\/2015\/10\/20151016_194635a.jpg\"><img loading=\"lazy\" decoding=\"async\" class=\"alignnone size-medium wp-image-3917\" src=\"http:\/\/colibris-nancy.fr\/wp-content\/uploads\/2015\/10\/20151016_194635a-300x225.jpg\" alt=\"20151016_194635a\" width=\"300\" height=\"225\" srcset=\"https:\/\/intermedium.fr\/laquete\/wp-content\/uploads\/2015\/10\/20151016_194635a-300x225.jpg 300w, https:\/\/intermedium.fr\/laquete\/wp-content\/uploads\/2015\/10\/20151016_194635a.jpg 600w\" sizes=\"auto, (max-width: 300px) 100vw, 300px\" \/>\u00a0\u00a0 <\/a><a href=\"http:\/\/colibris-nancy.fr\/wp-content\/uploads\/2015\/10\/20151016_191649a.jpg\"><img loading=\"lazy\" decoding=\"async\" class=\"size-medium wp-image-3915 alignnone\" src=\"http:\/\/colibris-nancy.fr\/wp-content\/uploads\/2015\/10\/20151016_191649a-300x225.jpg\" alt=\"20151016_191649a\" width=\"300\" height=\"225\" srcset=\"https:\/\/intermedium.fr\/laquete\/wp-content\/uploads\/2015\/10\/20151016_191649a-300x225.jpg 300w, https:\/\/intermedium.fr\/laquete\/wp-content\/uploads\/2015\/10\/20151016_191649a.jpg 640w\" sizes=\"auto, (max-width: 300px) 100vw, 300px\" \/><\/a><\/p>\n<p>Aur\u00e9lie avait aussi apport\u00e9 de magnifiques l\u00e9gumes \u00e0 partager&#8230;<\/p>\n<p>La soir\u00e9e s&rsquo;est prolong\u00e9e tard dans la nuit&#8230; et tout le monde \u00e9tait heureux.<\/p>\n<p>&nbsp;<\/p>\n","protected":false},"excerpt":{"rendered":"<p>Ce vendredi 16 octobre, nous avons d\u00een\u00e9 \u00e0 la R\u00e9union sous la houlette de C\u00e9dric. Les pr\u00e9paratifs ont \u00e9t\u00e9 partag\u00e9s au gr\u00e9 des volontaires, tout en d\u00e9gustant le Ti&rsquo; punch &#8230; <a title=\"Cuisine de la R\u00e9union\" class=\"read-more\" href=\"https:\/\/intermedium.fr\/laquete\/2015\/10\/21\/cuisine-de-la-reunion\/\" aria-label=\"Plus sur Cuisine de la R\u00e9union\">Lire plus<\/a><\/p>\n","protected":false},"author":1,"featured_media":0,"comment_status":"open","ping_status":"open","sticky":false,"template":"","format":"standard","meta":{"footnotes":""},"categories":[42],"tags":[],"class_list":["post-3913","post","type-post","status-publish","format-standard","hentry","category-nos-soirees","masonry-post","generate-columns","tablet-grid-50","mobile-grid-100","grid-parent","grid-25"],"_links":{"self":[{"href":"https:\/\/intermedium.fr\/laquete\/wp-json\/wp\/v2\/posts\/3913","targetHints":{"allow":["GET"]}}],"collection":[{"href":"https:\/\/intermedium.fr\/laquete\/wp-json\/wp\/v2\/posts"}],"about":[{"href":"https:\/\/intermedium.fr\/laquete\/wp-json\/wp\/v2\/types\/post"}],"author":[{"embeddable":true,"href":"https:\/\/intermedium.fr\/laquete\/wp-json\/wp\/v2\/users\/1"}],"replies":[{"embeddable":true,"href":"https:\/\/intermedium.fr\/laquete\/wp-json\/wp\/v2\/comments?post=3913"}],"version-history":[{"count":0,"href":"https:\/\/intermedium.fr\/laquete\/wp-json\/wp\/v2\/posts\/3913\/revisions"}],"wp:attachment":[{"href":"https:\/\/intermedium.fr\/laquete\/wp-json\/wp\/v2\/media?parent=3913"}],"wp:term":[{"taxonomy":"category","embeddable":true,"href":"https:\/\/intermedium.fr\/laquete\/wp-json\/wp\/v2\/categories?post=3913"},{"taxonomy":"post_tag","embeddable":true,"href":"https:\/\/intermedium.fr\/laquete\/wp-json\/wp\/v2\/tags?post=3913"}],"curies":[{"name":"wp","href":"https:\/\/api.w.org\/{rel}","templated":true}]}}