{"id":3934,"date":"2015-10-21T17:31:10","date_gmt":"2015-10-21T15:31:10","guid":{"rendered":"http:\/\/colibris-nancy.fr\/?p=3934"},"modified":"2015-10-21T17:31:10","modified_gmt":"2015-10-21T15:31:10","slug":"confiture-de-noel","status":"publish","type":"post","link":"https:\/\/intermedium.fr\/laquete\/2015\/10\/21\/confiture-de-noel\/","title":{"rendered":"Confiture de No\u00ebl"},"content":{"rendered":"<p>C&rsquo;\u00e9tait chez Ren\u00e9e, ce samedi 17 octobre dans l&rsquo;apr\u00e8s midi.<br \/>\nNous avons juste fait de la confiture dite de No\u00ebl qui ne comporte pas moins de 21 ingr\u00e9dients.<br \/>\nIl n&rsquo;est pas n\u00e9cessaire d&rsquo;\u00e9crire de longs discours, les photos parlent d&rsquo;elles m\u00eames&#8230;<br \/>\nTous, assidus \u00e0 la t\u00e2che, ont bien m\u00e9rit\u00e9 d&rsquo;y go\u00fbter avec les bons petits pains confectionn\u00e9s par Christine.<\/p>\n<p><a href=\"http:\/\/colibris-nancy.fr\/wp-content\/uploads\/2015\/10\/IMG_5675aq.jpg\">\u00a0\u00a0 <\/a><a href=\"http:\/\/colibris-nancy.fr\/wp-content\/uploads\/2015\/10\/20151017_142215q.jpg\"><img loading=\"lazy\" decoding=\"async\" class=\"alignnone wp-image-3940\" src=\"http:\/\/colibris-nancy.fr\/wp-content\/uploads\/2015\/10\/20151017_142215q-225x300.jpg\" alt=\"20151017_142215q\" width=\"139\" height=\"185\" srcset=\"https:\/\/intermedium.fr\/laquete\/wp-content\/uploads\/2015\/10\/20151017_142215q-225x300.jpg 225w, https:\/\/intermedium.fr\/laquete\/wp-content\/uploads\/2015\/10\/20151017_142215q.jpg 480w\" sizes=\"auto, (max-width: 139px) 100vw, 139px\" \/>\u00a0\u00a0 <\/a><a href=\"http:\/\/colibris-nancy.fr\/wp-content\/uploads\/2015\/10\/20151017_160638q.jpg\"><img loading=\"lazy\" decoding=\"async\" class=\"alignnone size-medium wp-image-3946\" src=\"http:\/\/colibris-nancy.fr\/wp-content\/uploads\/2015\/10\/20151017_152945q-225x300.jpg\" alt=\"20151017_152945q\" width=\"225\" height=\"300\" srcset=\"https:\/\/intermedium.fr\/laquete\/wp-content\/uploads\/2015\/10\/20151017_152945q-225x300.jpg 225w, https:\/\/intermedium.fr\/laquete\/wp-content\/uploads\/2015\/10\/20151017_152945q.jpg 480w\" sizes=\"auto, (max-width: 225px) 100vw, 225px\" \/>\u00a0\u00a0 <\/a><a href=\"http:\/\/colibris-nancy.fr\/wp-content\/uploads\/2015\/10\/20151017_160638q.jpg\"><img loading=\"lazy\" decoding=\"async\" class=\"alignnone wp-image-3948\" src=\"http:\/\/colibris-nancy.fr\/wp-content\/uploads\/2015\/10\/20151017_160638q-300x225.jpg\" alt=\"20151017_160638q\" width=\"140\" height=\"105\" srcset=\"https:\/\/intermedium.fr\/laquete\/wp-content\/uploads\/2015\/10\/20151017_160638q-300x225.jpg 300w, https:\/\/intermedium.fr\/laquete\/wp-content\/uploads\/2015\/10\/20151017_160638q.jpg 640w\" sizes=\"auto, (max-width: 140px) 100vw, 140px\" \/><\/a><\/p>\n<p>&nbsp;<\/p>\n<p>&nbsp;<\/p>\n","protected":false},"excerpt":{"rendered":"<p>C&rsquo;\u00e9tait chez Ren\u00e9e, ce samedi 17 octobre dans l&rsquo;apr\u00e8s midi. Nous avons juste fait de la confiture dite de No\u00ebl qui ne comporte pas moins de 21 ingr\u00e9dients. Il n&rsquo;est &#8230; <a title=\"Confiture de No\u00ebl\" class=\"read-more\" href=\"https:\/\/intermedium.fr\/laquete\/2015\/10\/21\/confiture-de-noel\/\" aria-label=\"Plus sur Confiture de No\u00ebl\">Lire plus<\/a><\/p>\n","protected":false},"author":1,"featured_media":0,"comment_status":"open","ping_status":"open","sticky":false,"template":"","format":"standard","meta":{"footnotes":""},"categories":[42],"tags":[],"class_list":["post-3934","post","type-post","status-publish","format-standard","hentry","category-nos-soirees","masonry-post","generate-columns","tablet-grid-50","mobile-grid-100","grid-parent","grid-25"],"_links":{"self":[{"href":"https:\/\/intermedium.fr\/laquete\/wp-json\/wp\/v2\/posts\/3934","targetHints":{"allow":["GET"]}}],"collection":[{"href":"https:\/\/intermedium.fr\/laquete\/wp-json\/wp\/v2\/posts"}],"about":[{"href":"https:\/\/intermedium.fr\/laquete\/wp-json\/wp\/v2\/types\/post"}],"author":[{"embeddable":true,"href":"https:\/\/intermedium.fr\/laquete\/wp-json\/wp\/v2\/users\/1"}],"replies":[{"embeddable":true,"href":"https:\/\/intermedium.fr\/laquete\/wp-json\/wp\/v2\/comments?post=3934"}],"version-history":[{"count":0,"href":"https:\/\/intermedium.fr\/laquete\/wp-json\/wp\/v2\/posts\/3934\/revisions"}],"wp:attachment":[{"href":"https:\/\/intermedium.fr\/laquete\/wp-json\/wp\/v2\/media?parent=3934"}],"wp:term":[{"taxonomy":"category","embeddable":true,"href":"https:\/\/intermedium.fr\/laquete\/wp-json\/wp\/v2\/categories?post=3934"},{"taxonomy":"post_tag","embeddable":true,"href":"https:\/\/intermedium.fr\/laquete\/wp-json\/wp\/v2\/tags?post=3934"}],"curies":[{"name":"wp","href":"https:\/\/api.w.org\/{rel}","templated":true}]}}