{"id":4007,"date":"2015-10-28T12:02:17","date_gmt":"2015-10-28T11:02:17","guid":{"rendered":"http:\/\/colibris-nancy.fr\/?p=4007"},"modified":"2015-10-28T12:02:17","modified_gmt":"2015-10-28T11:02:17","slug":"marre-de-cafe-la-deuxieme-saison-est-lancee","status":"publish","type":"post","link":"https:\/\/intermedium.fr\/laquete\/2015\/10\/28\/marre-de-cafe-la-deuxieme-saison-est-lancee\/","title":{"rendered":"\u00ab\u00a0Marre de caf\u00e9\u00a0\u00bb, R\u00e9union le 4 d\u00e9cembre 2015"},"content":{"rendered":"<p><span style=\"color: #008080;\"><strong>19 h 00 Caf\u00e9 Royal-Royal 22 rue Montd\u00e9sert \u00e0 Nancy<\/strong><\/span><\/p>\n<p>La saison derni\u00e8re \u00e9tait riche d&rsquo;\u00e9mulation sur le sujet :<br \/>\nTravail sur les usages du marc de caf\u00e9 ;<br \/>\nR\u00e9flexion sur cette r\u00e9alit\u00e9 sociale et environnementale ;<br \/>\nAtelier rempotage \u00e0 l&rsquo;Open Bidouille Camp ;<br \/>\nPr\u00e9sentation des usages possibles du marc de caf\u00e9 au publique lors d&rsquo;Alternatiba etc&#8230;<\/p>\n<p>Merci encore \u00e0 toutes celles et tous ceux qui y ont contribu\u00e9 et d&rsquo;avance merci \u00e0 celles et ceux qui vont, je l&rsquo;esp\u00e8re, s&rsquo;int\u00e9resser et s&rsquo;approprier le sujet.<\/p>\n<p>Je vous donne rendez-vous les vendredi 6 novembre et 4 d\u00e9cembre prochain au RoyalRoyal 22, rue Mont d\u00e9sert \u00e0 54000 NANCY \u00e0 19h.<\/p>\n<p>Nous imaginerons et d\u00e9ciderons ensemble des prochaines actions pour cette nouvelle saison.<\/p>\n<p>Merci de bien vouloir annoncer votre pr\u00e9sence au 06.22.94.03.19 ou mail <a href=\"mailto:belaid.akrim@laposte.net\">belaid.akrim@laposte.net<\/a> pour faciliter l&rsquo;organisation.<\/p>\n<p>A bient\u00f4t,<\/p>\n<p>B\u00e9laid<\/p>\n","protected":false},"excerpt":{"rendered":"<p>19 h 00 Caf\u00e9 Royal-Royal 22 rue Montd\u00e9sert \u00e0 Nancy La saison derni\u00e8re \u00e9tait riche d&rsquo;\u00e9mulation sur le sujet : Travail sur les usages du marc de caf\u00e9 ; R\u00e9flexion &#8230; <a title=\"\u00ab\u00a0Marre de caf\u00e9\u00a0\u00bb, R\u00e9union le 4 d\u00e9cembre 2015\" class=\"read-more\" href=\"https:\/\/intermedium.fr\/laquete\/2015\/10\/28\/marre-de-cafe-la-deuxieme-saison-est-lancee\/\" aria-label=\"Plus sur \u00ab\u00a0Marre de caf\u00e9\u00a0\u00bb, R\u00e9union le 4 d\u00e9cembre 2015\">Lire plus<\/a><\/p>\n","protected":false},"author":1,"featured_media":4009,"comment_status":"open","ping_status":"open","sticky":false,"template":"","format":"standard","meta":{"footnotes":""},"categories":[60],"tags":[],"class_list":["post-4007","post","type-post","status-publish","format-standard","has-post-thumbnail","hentry","category-marre-de-cafe","masonry-post","generate-columns","tablet-grid-50","mobile-grid-100","grid-parent","grid-25"],"_links":{"self":[{"href":"https:\/\/intermedium.fr\/laquete\/wp-json\/wp\/v2\/posts\/4007","targetHints":{"allow":["GET"]}}],"collection":[{"href":"https:\/\/intermedium.fr\/laquete\/wp-json\/wp\/v2\/posts"}],"about":[{"href":"https:\/\/intermedium.fr\/laquete\/wp-json\/wp\/v2\/types\/post"}],"author":[{"embeddable":true,"href":"https:\/\/intermedium.fr\/laquete\/wp-json\/wp\/v2\/users\/1"}],"replies":[{"embeddable":true,"href":"https:\/\/intermedium.fr\/laquete\/wp-json\/wp\/v2\/comments?post=4007"}],"version-history":[{"count":0,"href":"https:\/\/intermedium.fr\/laquete\/wp-json\/wp\/v2\/posts\/4007\/revisions"}],"wp:featuredmedia":[{"embeddable":true,"href":"https:\/\/intermedium.fr\/laquete\/wp-json\/wp\/v2\/media\/4009"}],"wp:attachment":[{"href":"https:\/\/intermedium.fr\/laquete\/wp-json\/wp\/v2\/media?parent=4007"}],"wp:term":[{"taxonomy":"category","embeddable":true,"href":"https:\/\/intermedium.fr\/laquete\/wp-json\/wp\/v2\/categories?post=4007"},{"taxonomy":"post_tag","embeddable":true,"href":"https:\/\/intermedium.fr\/laquete\/wp-json\/wp\/v2\/tags?post=4007"}],"curies":[{"name":"wp","href":"https:\/\/api.w.org\/{rel}","templated":true}]}}