{"id":4061,"date":"2015-10-31T09:23:02","date_gmt":"2015-10-31T08:23:02","guid":{"rendered":"http:\/\/colibris-nancy.fr\/?p=4061"},"modified":"2015-10-31T09:23:02","modified_gmt":"2015-10-31T08:23:02","slug":"reunion-mensuelle-colibris","status":"publish","type":"post","link":"https:\/\/intermedium.fr\/laquete\/2015\/10\/31\/reunion-mensuelle-colibris\/","title":{"rendered":"R\u00e9union Mensuelle Colibris"},"content":{"rendered":"<h2 style=\"text-align: center;\"><a href=\"http:\/\/colibris-nancy.fr\/wp-content\/uploads\/2015\/04\/Capture-1.png\"><img loading=\"lazy\" decoding=\"async\" class=\"size-full wp-image-2640 alignleft\" src=\"http:\/\/colibris-nancy.fr\/wp-content\/uploads\/2015\/04\/Capture-1.png\" alt=\"Capture\" width=\"86\" height=\"79\" \/><\/a><strong>Prochaine r\u00e9union mensuelle <\/strong><\/h2>\n<h2 style=\"text-align: center;\"><strong>le 24 novembre 2015.<br \/>\n\u00e0 la MJC Trois Maisons<\/strong><\/h2>\n<p>Les Colibris de Nancy vous invitent \u00e0 leur rencontre mensuelle de novembre.<\/p>\n<p>Comme annonc\u00e9 dans notre derni\u00e8re lettre d&rsquo;information, retrouvons-nous demain mardi 24 novembre de 18h30 \u00e0 20h30 \u00e0 la MJC 3 Maisons de Nancy (Rue de Fontenoy).<\/p>\n<p>Comme pour chaque rencontre, nous pr\u00e9voyons 2 heures d&rsquo;\u00e9changes et d&rsquo;informations \u00e0 partager, closes par un temps de convivialit\u00e9 gustative (dans un format d&rsquo;auberge espagnole, apportez un met sal\u00e9 ou sucr\u00e9, une boisson \u00e0 partager).<\/p>\n<p>Pour cette fois, nous souhaitons vous proposer un atelier tout particulier afin de se questionner sur la raison d&rsquo;\u00eatre du mouvement Colibris et sur la mani\u00e8re dont chacun peut contribuer au sein du groupe local. Les questions ci-dessous seront nos fils conducteurs :<br \/>\n\u2022 Qu&rsquo;est-ce que Colibris?<br \/>\n\u2022 Qu&rsquo;est-ce que Colibris m&rsquo;apporte ?<br \/>\n\u2022 Qu&rsquo;est-ce que j&rsquo;apporte \u00e0 Colibris ?<br \/>\n\u2022 Que pourrait-on faire de mieux ?<br \/>\nPetit jeu d&rsquo;introspection et de communication que nous vivrons collectivement demain !<br \/>\nEn attendant, belle soir\u00e9e, belle journ\u00e9e..<\/p>\n<p>Les Colibris de Nancy<br \/>\nnancy@colibris-lemouvement.org<br \/>\nwww.colibris-nancy.fr<\/p>\n<p><a href=\"http:\/\/colibris-nancy.fr\/wp-content\/uploads\/2015\/10\/colibris-B.jpg\"><img loading=\"lazy\" decoding=\"async\" class=\"size-medium wp-image-4145 alignleft\" src=\"http:\/\/colibris-nancy.fr\/wp-content\/uploads\/2015\/10\/colibris-B-300x225.jpg\" alt=\"colibris B\" width=\"300\" height=\"225\" srcset=\"https:\/\/intermedium.fr\/laquete\/wp-content\/uploads\/2015\/10\/colibris-B-300x225.jpg 300w, https:\/\/intermedium.fr\/laquete\/wp-content\/uploads\/2015\/10\/colibris-B.jpg 600w\" sizes=\"auto, (max-width: 300px) 100vw, 300px\" \/>\u00a0\u00a0\u00a0\u00a0\u00a0 <\/a><a href=\"http:\/\/colibris-nancy.fr\/wp-content\/uploads\/2015\/10\/Colibris-C.jpg\"><img loading=\"lazy\" decoding=\"async\" class=\"wp-image-4146 size-medium alignright\" src=\"http:\/\/colibris-nancy.fr\/wp-content\/uploads\/2015\/10\/Colibris-C-300x225.jpg\" alt=\"Colibris C\" width=\"300\" height=\"225\" \/><\/a><\/p>\n","protected":false},"excerpt":{"rendered":"<p>Prochaine r\u00e9union mensuelle le 24 novembre 2015. \u00e0 la MJC Trois Maisons Les Colibris de Nancy vous invitent \u00e0 leur rencontre mensuelle de novembre. Comme annonc\u00e9 dans notre derni\u00e8re lettre &#8230; <a title=\"R\u00e9union Mensuelle Colibris\" class=\"read-more\" href=\"https:\/\/intermedium.fr\/laquete\/2015\/10\/31\/reunion-mensuelle-colibris\/\" aria-label=\"Plus sur R\u00e9union Mensuelle Colibris\">Lire plus<\/a><\/p>\n","protected":false},"author":1,"featured_media":4144,"comment_status":"open","ping_status":"open","sticky":false,"template":"","format":"standard","meta":{"footnotes":""},"categories":[5],"tags":[],"class_list":["post-4061","post","type-post","status-publish","format-standard","has-post-thumbnail","hentry","category-lettre-des-colibris","masonry-post","generate-columns","tablet-grid-50","mobile-grid-100","grid-parent","grid-25"],"_links":{"self":[{"href":"https:\/\/intermedium.fr\/laquete\/wp-json\/wp\/v2\/posts\/4061","targetHints":{"allow":["GET"]}}],"collection":[{"href":"https:\/\/intermedium.fr\/laquete\/wp-json\/wp\/v2\/posts"}],"about":[{"href":"https:\/\/intermedium.fr\/laquete\/wp-json\/wp\/v2\/types\/post"}],"author":[{"embeddable":true,"href":"https:\/\/intermedium.fr\/laquete\/wp-json\/wp\/v2\/users\/1"}],"replies":[{"embeddable":true,"href":"https:\/\/intermedium.fr\/laquete\/wp-json\/wp\/v2\/comments?post=4061"}],"version-history":[{"count":0,"href":"https:\/\/intermedium.fr\/laquete\/wp-json\/wp\/v2\/posts\/4061\/revisions"}],"wp:featuredmedia":[{"embeddable":true,"href":"https:\/\/intermedium.fr\/laquete\/wp-json\/wp\/v2\/media\/4144"}],"wp:attachment":[{"href":"https:\/\/intermedium.fr\/laquete\/wp-json\/wp\/v2\/media?parent=4061"}],"wp:term":[{"taxonomy":"category","embeddable":true,"href":"https:\/\/intermedium.fr\/laquete\/wp-json\/wp\/v2\/categories?post=4061"},{"taxonomy":"post_tag","embeddable":true,"href":"https:\/\/intermedium.fr\/laquete\/wp-json\/wp\/v2\/tags?post=4061"}],"curies":[{"name":"wp","href":"https:\/\/api.w.org\/{rel}","templated":true}]}}