{"id":4440,"date":"2016-01-23T11:36:51","date_gmt":"2016-01-23T10:36:51","guid":{"rendered":"http:\/\/colibris-nancy.fr\/?p=4440"},"modified":"2016-01-23T11:36:51","modified_gmt":"2016-01-23T10:36:51","slug":"soiree-carottes","status":"publish","type":"post","link":"https:\/\/intermedium.fr\/laquete\/2016\/01\/23\/soiree-carottes\/","title":{"rendered":"Soir\u00e9e Carottes"},"content":{"rendered":"<p style=\"text-align: justify;\"><img loading=\"lazy\" decoding=\"async\" class=\"size-medium wp-image-4470 alignleft\" src=\"http:\/\/colibris-nancy.fr\/wp-content\/uploads\/2016\/01\/20160122_202236a-225x300.jpg\" alt=\"20160122_202236a\" width=\"225\" height=\"300\" srcset=\"https:\/\/intermedium.fr\/laquete\/wp-content\/uploads\/2016\/01\/20160122_202236a-225x300.jpg 225w, https:\/\/intermedium.fr\/laquete\/wp-content\/uploads\/2016\/01\/20160122_202236a.jpg 600w\" sizes=\"auto, (max-width: 225px) 100vw, 225px\" \/>\u00a0Les soir\u00e9es centr\u00e9es sur un produit nous conviennent bien. Nous avions exp\u00e9riment\u00e9 avec succ\u00e8s la pomme de terre et le riz. Il \u00e9tait donc logique de s&rsquo;en prendre \u00e0 la carotte aux multiples vertus : pour les yeux, les fesses roses, et j&rsquo;en passe&#8230;<\/p>\n<p style=\"text-align: justify;\">De l&rsquo;entr\u00e9e au dessert nous avons d\u00e9clin\u00e9 ce l\u00e9gume de 7 ou 8 fa\u00e7ons diff\u00e9rentes. Blanches, oranges, violettes ou noires, crues ou cuites, tartin\u00e9es, en potages, en galettes ou en cakes, elles nous ont permis de composer un repas v\u00e9g\u00e9tarien qualit\u00e9 \u00ab\u00a0d\u00e9gustation\u00a0\u00bb finalement bien \u00e9quilibr\u00e9.<\/p>\n<p style=\"text-align: justify;\">Il faut bien le reconna\u00eetre, voil\u00e0 une\u00a0racine qui ne manque pas de ressources, dont nous n&rsquo;avons, certes pas fait le tour, mais qui est aussi connue pour rendre les gens aimables&#8230;\u00a0 Ses effets imm\u00e9diats ont \u00e9t\u00e9 v\u00e9rifi\u00e9s d\u00e8s les pr\u00e9parations et durant ce long et tr\u00e8s agr\u00e9able moment de convivialit\u00e9 pass\u00e9 ensemble.<\/p>\n<p style=\"text-align: justify;\">On aurait dit une assembl\u00e9e de colibris !<\/p>\n","protected":false},"excerpt":{"rendered":"<p>\u00a0Les soir\u00e9es centr\u00e9es sur un produit nous conviennent bien. Nous avions exp\u00e9riment\u00e9 avec succ\u00e8s la pomme de terre et le riz. Il \u00e9tait donc logique de s&rsquo;en prendre \u00e0 la &#8230; <a title=\"Soir\u00e9e Carottes\" class=\"read-more\" href=\"https:\/\/intermedium.fr\/laquete\/2016\/01\/23\/soiree-carottes\/\" aria-label=\"Plus sur Soir\u00e9e Carottes\">Lire plus<\/a><\/p>\n","protected":false},"author":1,"featured_media":4508,"comment_status":"open","ping_status":"open","sticky":false,"template":"","format":"standard","meta":{"footnotes":""},"categories":[42],"tags":[],"class_list":["post-4440","post","type-post","status-publish","format-standard","has-post-thumbnail","hentry","category-nos-soirees","masonry-post","generate-columns","tablet-grid-50","mobile-grid-100","grid-parent","grid-25"],"_links":{"self":[{"href":"https:\/\/intermedium.fr\/laquete\/wp-json\/wp\/v2\/posts\/4440","targetHints":{"allow":["GET"]}}],"collection":[{"href":"https:\/\/intermedium.fr\/laquete\/wp-json\/wp\/v2\/posts"}],"about":[{"href":"https:\/\/intermedium.fr\/laquete\/wp-json\/wp\/v2\/types\/post"}],"author":[{"embeddable":true,"href":"https:\/\/intermedium.fr\/laquete\/wp-json\/wp\/v2\/users\/1"}],"replies":[{"embeddable":true,"href":"https:\/\/intermedium.fr\/laquete\/wp-json\/wp\/v2\/comments?post=4440"}],"version-history":[{"count":0,"href":"https:\/\/intermedium.fr\/laquete\/wp-json\/wp\/v2\/posts\/4440\/revisions"}],"wp:featuredmedia":[{"embeddable":true,"href":"https:\/\/intermedium.fr\/laquete\/wp-json\/wp\/v2\/media\/4508"}],"wp:attachment":[{"href":"https:\/\/intermedium.fr\/laquete\/wp-json\/wp\/v2\/media?parent=4440"}],"wp:term":[{"taxonomy":"category","embeddable":true,"href":"https:\/\/intermedium.fr\/laquete\/wp-json\/wp\/v2\/categories?post=4440"},{"taxonomy":"post_tag","embeddable":true,"href":"https:\/\/intermedium.fr\/laquete\/wp-json\/wp\/v2\/tags?post=4440"}],"curies":[{"name":"wp","href":"https:\/\/api.w.org\/{rel}","templated":true}]}}