{"id":4493,"date":"2016-02-22T17:57:38","date_gmt":"2016-02-22T16:57:38","guid":{"rendered":"http:\/\/colibris-nancy.fr\/?p=4493"},"modified":"2016-02-22T17:57:38","modified_gmt":"2016-02-22T16:57:38","slug":"stephane-berne-en-parle","status":"publish","type":"post","link":"https:\/\/intermedium.fr\/laquete\/2016\/02\/22\/stephane-berne-en-parle\/","title":{"rendered":"St\u00e9phane Berne en parle"},"content":{"rendered":"<h2>Du marc de caf\u00e9 !<\/h2>\n<p>J&rsquo;ai trouv\u00e9 une vid\u00e9o sur YouTube qui est pas mal du tout au sujet des usages du marc de caf\u00e9.<\/p>\n<p>Il s&rsquo;agit d&rsquo;un extrait d\u00b4une \u00e9mission des cha\u00eenes du service public et c&rsquo;est tr\u00e8s p\u00e9dagogique.<br \/>\nD&rsquo;avance merci,<br \/>\nB\u00e9laid<\/p>\n<p><a href=\"http:\/\/youtu.be\/Z6hR9ZjqlKA\">Vid\u00e9o p\u00e9dagogique<\/a><\/p>\n<p><a href=\"http:\/\/www.3dnatives.com\/3dom-impression-cafe-24082015\/\" target=\"_blank\" rel=\"noopener\">Voir aussi<\/a><\/p>\n","protected":false},"excerpt":{"rendered":"<p>Du marc de caf\u00e9 ! J&rsquo;ai trouv\u00e9 une vid\u00e9o sur YouTube qui est pas mal du tout au sujet des usages du marc de caf\u00e9. Il s&rsquo;agit d&rsquo;un extrait d\u00b4une &#8230; <a title=\"St\u00e9phane Berne en parle\" class=\"read-more\" href=\"https:\/\/intermedium.fr\/laquete\/2016\/02\/22\/stephane-berne-en-parle\/\" aria-label=\"Plus sur St\u00e9phane Berne en parle\">Lire plus<\/a><\/p>\n","protected":false},"author":1,"featured_media":4532,"comment_status":"open","ping_status":"open","sticky":false,"template":"","format":"standard","meta":{"footnotes":""},"categories":[60],"tags":[],"class_list":["post-4493","post","type-post","status-publish","format-standard","has-post-thumbnail","hentry","category-marre-de-cafe","masonry-post","generate-columns","tablet-grid-50","mobile-grid-100","grid-parent","grid-25"],"_links":{"self":[{"href":"https:\/\/intermedium.fr\/laquete\/wp-json\/wp\/v2\/posts\/4493","targetHints":{"allow":["GET"]}}],"collection":[{"href":"https:\/\/intermedium.fr\/laquete\/wp-json\/wp\/v2\/posts"}],"about":[{"href":"https:\/\/intermedium.fr\/laquete\/wp-json\/wp\/v2\/types\/post"}],"author":[{"embeddable":true,"href":"https:\/\/intermedium.fr\/laquete\/wp-json\/wp\/v2\/users\/1"}],"replies":[{"embeddable":true,"href":"https:\/\/intermedium.fr\/laquete\/wp-json\/wp\/v2\/comments?post=4493"}],"version-history":[{"count":0,"href":"https:\/\/intermedium.fr\/laquete\/wp-json\/wp\/v2\/posts\/4493\/revisions"}],"wp:featuredmedia":[{"embeddable":true,"href":"https:\/\/intermedium.fr\/laquete\/wp-json\/wp\/v2\/media\/4532"}],"wp:attachment":[{"href":"https:\/\/intermedium.fr\/laquete\/wp-json\/wp\/v2\/media?parent=4493"}],"wp:term":[{"taxonomy":"category","embeddable":true,"href":"https:\/\/intermedium.fr\/laquete\/wp-json\/wp\/v2\/categories?post=4493"},{"taxonomy":"post_tag","embeddable":true,"href":"https:\/\/intermedium.fr\/laquete\/wp-json\/wp\/v2\/tags?post=4493"}],"curies":[{"name":"wp","href":"https:\/\/api.w.org\/{rel}","templated":true}]}}