{"id":4570,"date":"2016-03-06T00:49:16","date_gmt":"2016-03-05T23:49:16","guid":{"rendered":"http:\/\/colibris-nancy.fr\/?p=4570"},"modified":"2016-03-06T00:49:16","modified_gmt":"2016-03-05T23:49:16","slug":"ensemble-imaginons-les-oasis-de-nos-territoires","status":"publish","type":"post","link":"https:\/\/intermedium.fr\/laquete\/2016\/03\/06\/ensemble-imaginons-les-oasis-de-nos-territoires\/","title":{"rendered":"Ensemble, imaginons les oasis de nos territoires"},"content":{"rendered":"<div class=\"title-wrapper\">\n<h2 id=\"page-title\" class=\"title\"><strong>Dimanche 20 mars : imaginez votre oasis !<\/strong><\/h2>\n<\/div>\n<div class=\"region region-content\">\n<div id=\"block-system-main\" class=\"block block-system\">\n<div class=\"block-content block-content clearfix\">\n<div id=\"node-1640\" class=\"node node-main-page node-type-main_page node-page-main_page\">\n<div class=\"node-content clearfix node-content clearfix\">\n<div class=\"field field-name-body field-type-text-with-summary field-label-hidden clearfix\">\n<div class=\"field-items\">\n<div class=\"field-item even\">\n<p>Dimanche 20 mars, Colibris vous propose d\u2019organiser une journ\u00e9e pour r\u00e9unir vos voisins, vos amis autour d\u2019un d\u00e9jeuner, un go\u00fbter ou un ap\u00e9ro. L\u2019objectif : se rencontrer et imaginer ensemble tout ce que vous pouvez <strong>partager, mutualiser, \u00e9changer !\u00a0<\/strong><\/p>\n<p>Colibris a compil\u00e9 des id\u00e9es cr\u00e9atives et pratiques pour vous soutenir dans cette action. <strong>\u00c0 vous de cr\u00e9er l\u2019oasis qui vous ressemble<\/strong> en fonction des besoins et des ressources de votre immeuble, votre rue, votre quartier\u2026<\/p>\n<div><a id=\"outils\" name=\"outils\"><\/a>Pour vous soutenir dans l\u2019organisation de cette journ\u00e9e, Colibris met \u00e0 votre disposition :<\/div>\n<div>\u2022 une <strong><a href=\"http:\/\/www.colibris-lemouvement.org\/sites\/default\/files\/contents\/files\/Fiche%20pratique_OK.pdf\" target=\"_blank\" rel=\"noopener\">fiche pratique<\/a> <\/strong>pour vous aider \u00e0 organiser votre journ\u00e9e pas \u00e0 pas et avec des exemples d\u2019animations qui faciliteront la rencontre et les \u00e9changes entre vous,<\/div>\n<div>\u2022 <strong>des affiches<\/strong> \u00e0 imprimer et \u00e0 accrocher dans votre immeuble, votre rue, votre quartier pour inviter vos voisins (<a href=\"http:\/\/www.colibris-lemouvement.org\/sites\/default\/files\/contents\/files\/Imaginons%20notre%20Oasis_Comm%20Globale.pdf\" target=\"_blank\" rel=\"noopener\">affiche g\u00e9n\u00e9rique<\/a> ou <a href=\"http:\/\/www.colibris-lemouvement.org\/sites\/default\/files\/contents\/files\/Imaginons%20notre%20Oasis%20%28comm%20e%CC%81ve%CC%81nt_%20organise%CC%81%29.pdf\" target=\"_blank\" rel=\"noopener\">affiche personnalisable<\/a>, o\u00f9 vous pourrez ajouter les information de votre \u00e9v\u00e8nement)<\/div>\n<div>\u2022 <strong>des tutoriels<\/strong> pour vous accompagner dans la cr\u00e9ation de vos projets collectifs ! D\u00e9couvrez-les ci-dessous\u00a0!<\/div>\n<div><\/div>\n<p><a href=\"http:\/\/www.colibris-lemouvement.org\/sites\/default\/files\/contents\/files\/achats.pdf\" target=\"_blank\" rel=\"noopener\"><img loading=\"lazy\" decoding=\"async\" src=\"http:\/\/www.colibris-lemouvement.org\/sites\/default\/files\/resize\/contents\/images\/achats_web-210x210.jpg\" alt=\"\" width=\"210\" height=\"210\" \/><\/a><a href=\"http:\/\/www.colibris-lemouvement.org\/sites\/default\/files\/contents\/files\/composteur.pdf\" target=\"_blank\" rel=\"noopener\"><img loading=\"lazy\" decoding=\"async\" src=\"http:\/\/www.colibris-lemouvement.org\/sites\/default\/files\/resize\/contents\/images\/composteur_web1%281%29-210x210.jpg\" alt=\"\" width=\"210\" height=\"210\" \/><\/a><a href=\"http:\/\/www.colibris-lemouvement.org\/sites\/default\/files\/contents\/files\/covoiturage.pdf\" target=\"_blank\" rel=\"noopener\"><img loading=\"lazy\" decoding=\"async\" src=\"http:\/\/www.colibris-lemouvement.org\/sites\/default\/files\/resize\/contents\/images\/covoit_web-210x210.jpg\" alt=\"\" width=\"210\" height=\"210\" \/><\/a><a href=\"http:\/\/www.colibris-lemouvement.org\/sites\/default\/files\/contents\/files\/givebox.pdf\" target=\"_blank\" rel=\"noopener\"><img loading=\"lazy\" decoding=\"async\" src=\"http:\/\/www.colibris-lemouvement.org\/sites\/default\/files\/resize\/contents\/images\/givebox_web1%281%29-210x210.jpg\" alt=\"\" width=\"210\" height=\"210\" \/><\/a><a href=\"http:\/\/www.colibris-lemouvement.org\/sites\/default\/files\/contents\/files\/objets.pdf\" target=\"_blank\" rel=\"noopener\"><img loading=\"lazy\" decoding=\"async\" src=\"http:\/\/www.colibris-lemouvement.org\/sites\/default\/files\/resize\/contents\/images\/objets_web-210x210.jpg\" alt=\"\" width=\"210\" height=\"210\" \/><\/a><a href=\"http:\/\/www.colibris-lemouvement.org\/sites\/default\/files\/contents\/files\/pedibus.pdf\" target=\"_blank\" rel=\"noopener\"><img loading=\"lazy\" decoding=\"async\" src=\"http:\/\/www.colibris-lemouvement.org\/sites\/default\/files\/resize\/contents\/images\/pedibus_web-210x210.jpg\" alt=\"\" width=\"210\" height=\"210\" \/><\/a><a href=\"http:\/\/www.colibris-lemouvement.org\/sites\/default\/files\/contents\/files\/poulailler%281%29.pdf\" target=\"_blank\" rel=\"noopener\"><img loading=\"lazy\" decoding=\"async\" src=\"http:\/\/www.colibris-lemouvement.org\/sites\/default\/files\/resize\/contents\/images\/poulailler_web%281%29-210x210.jpg\" alt=\"\" width=\"210\" height=\"210\" \/><\/a><a href=\"http:\/\/www.colibris-lemouvement.org\/sites\/default\/files\/contents\/files\/Jardins%20partages.pdf\" target=\"_blank\" rel=\"noopener\"><img loading=\"lazy\" decoding=\"async\" src=\"http:\/\/www.colibris-lemouvement.org\/sites\/default\/files\/resize\/contents\/images\/jardin_web1-210x210.jpg\" alt=\"\" width=\"210\" height=\"210\" \/><\/a><\/p>\n<\/div>\n<\/div>\n<\/div>\n<\/div>\n<\/div>\n<\/div>\n<\/div>\n<\/div>\n","protected":false},"excerpt":{"rendered":"<p>Dimanche 20 mars : imaginez votre oasis ! Dimanche 20 mars, Colibris vous propose d\u2019organiser une journ\u00e9e pour r\u00e9unir vos voisins, vos amis autour d\u2019un d\u00e9jeuner, un go\u00fbter ou un &#8230; <a title=\"Ensemble, imaginons les oasis de nos territoires\" class=\"read-more\" href=\"https:\/\/intermedium.fr\/laquete\/2016\/03\/06\/ensemble-imaginons-les-oasis-de-nos-territoires\/\" aria-label=\"Plus sur Ensemble, imaginons les oasis de nos territoires\">Lire plus<\/a><\/p>\n","protected":false},"author":1,"featured_media":4573,"comment_status":"open","ping_status":"open","sticky":false,"template":"","format":"standard","meta":{"footnotes":""},"categories":[37],"tags":[],"class_list":["post-4570","post","type-post","status-publish","format-standard","has-post-thumbnail","hentry","category-les-oasis","masonry-post","generate-columns","tablet-grid-50","mobile-grid-100","grid-parent","grid-25"],"_links":{"self":[{"href":"https:\/\/intermedium.fr\/laquete\/wp-json\/wp\/v2\/posts\/4570","targetHints":{"allow":["GET"]}}],"collection":[{"href":"https:\/\/intermedium.fr\/laquete\/wp-json\/wp\/v2\/posts"}],"about":[{"href":"https:\/\/intermedium.fr\/laquete\/wp-json\/wp\/v2\/types\/post"}],"author":[{"embeddable":true,"href":"https:\/\/intermedium.fr\/laquete\/wp-json\/wp\/v2\/users\/1"}],"replies":[{"embeddable":true,"href":"https:\/\/intermedium.fr\/laquete\/wp-json\/wp\/v2\/comments?post=4570"}],"version-history":[{"count":0,"href":"https:\/\/intermedium.fr\/laquete\/wp-json\/wp\/v2\/posts\/4570\/revisions"}],"wp:featuredmedia":[{"embeddable":true,"href":"https:\/\/intermedium.fr\/laquete\/wp-json\/wp\/v2\/media\/4573"}],"wp:attachment":[{"href":"https:\/\/intermedium.fr\/laquete\/wp-json\/wp\/v2\/media?parent=4570"}],"wp:term":[{"taxonomy":"category","embeddable":true,"href":"https:\/\/intermedium.fr\/laquete\/wp-json\/wp\/v2\/categories?post=4570"},{"taxonomy":"post_tag","embeddable":true,"href":"https:\/\/intermedium.fr\/laquete\/wp-json\/wp\/v2\/tags?post=4570"}],"curies":[{"name":"wp","href":"https:\/\/api.w.org\/{rel}","templated":true}]}}