{"id":5096,"date":"2016-05-02T16:02:21","date_gmt":"2016-05-02T14:02:21","guid":{"rendered":"http:\/\/colibris-nancy.fr\/?p=5096"},"modified":"2016-05-02T16:02:21","modified_gmt":"2016-05-02T14:02:21","slug":"cetait-sans-gluten","status":"publish","type":"post","link":"https:\/\/intermedium.fr\/laquete\/2016\/05\/02\/cetait-sans-gluten\/","title":{"rendered":"C&rsquo;\u00e9tait sans gluten"},"content":{"rendered":"<p><img loading=\"lazy\" decoding=\"async\" class=\"size-medium wp-image-5097 alignleft\" src=\"http:\/\/colibris-nancy.fr\/wp-content\/uploads\/2016\/05\/20160415_192929a-300x225.jpg\" alt=\"20160415_192929a\" width=\"300\" height=\"225\" srcset=\"https:\/\/intermedium.fr\/laquete\/wp-content\/uploads\/2016\/05\/20160415_192929a-300x225.jpg 300w, https:\/\/intermedium.fr\/laquete\/wp-content\/uploads\/2016\/05\/20160415_192929a.jpg 640w\" sizes=\"auto, (max-width: 300px) 100vw, 300px\" \/>Nous avons eu le plaisir de nous retrouver le 15 Avril chez Fran\u00e7oise pour un atelier cuisine sans gluten.<\/p>\n<p>Tendance alimentaire ou r\u00e9elle n\u00e9cessit\u00e9 de consommer \u00ab\u00a0sans\u00a0\u00bb nous avons cuisin\u00e9 dans la joie et la bonne humeur du pain et des gaufres.<\/p>\n<p>Un vrai r\u00e9gal que nous avons partag\u00e9 tous ensembles. Pour accompagner ces mets, un peu de vin et beaucoup de rires.<\/p>\n<p>Aur\u00e9lie<\/p>\n<p><img loading=\"lazy\" decoding=\"async\" class=\"alignnone size-medium wp-image-5099\" src=\"http:\/\/colibris-nancy.fr\/wp-content\/uploads\/2016\/05\/20160415_222424a-300x169.jpg\" alt=\"20160415_222424a\" width=\"300\" height=\"169\" \/><\/p>\n","protected":false},"excerpt":{"rendered":"<p>Nous avons eu le plaisir de nous retrouver le 15 Avril chez Fran\u00e7oise pour un atelier cuisine sans gluten. Tendance alimentaire ou r\u00e9elle n\u00e9cessit\u00e9 de consommer \u00ab\u00a0sans\u00a0\u00bb nous avons cuisin\u00e9 &#8230; <a title=\"C&rsquo;\u00e9tait sans gluten\" class=\"read-more\" href=\"https:\/\/intermedium.fr\/laquete\/2016\/05\/02\/cetait-sans-gluten\/\" aria-label=\"Plus sur C&rsquo;\u00e9tait sans gluten\">Lire plus<\/a><\/p>\n","protected":false},"author":1,"featured_media":5098,"comment_status":"open","ping_status":"open","sticky":false,"template":"","format":"standard","meta":{"footnotes":""},"categories":[42],"tags":[],"class_list":["post-5096","post","type-post","status-publish","format-standard","has-post-thumbnail","hentry","category-nos-soirees","masonry-post","generate-columns","tablet-grid-50","mobile-grid-100","grid-parent","grid-25"],"_links":{"self":[{"href":"https:\/\/intermedium.fr\/laquete\/wp-json\/wp\/v2\/posts\/5096","targetHints":{"allow":["GET"]}}],"collection":[{"href":"https:\/\/intermedium.fr\/laquete\/wp-json\/wp\/v2\/posts"}],"about":[{"href":"https:\/\/intermedium.fr\/laquete\/wp-json\/wp\/v2\/types\/post"}],"author":[{"embeddable":true,"href":"https:\/\/intermedium.fr\/laquete\/wp-json\/wp\/v2\/users\/1"}],"replies":[{"embeddable":true,"href":"https:\/\/intermedium.fr\/laquete\/wp-json\/wp\/v2\/comments?post=5096"}],"version-history":[{"count":0,"href":"https:\/\/intermedium.fr\/laquete\/wp-json\/wp\/v2\/posts\/5096\/revisions"}],"wp:featuredmedia":[{"embeddable":true,"href":"https:\/\/intermedium.fr\/laquete\/wp-json\/wp\/v2\/media\/5098"}],"wp:attachment":[{"href":"https:\/\/intermedium.fr\/laquete\/wp-json\/wp\/v2\/media?parent=5096"}],"wp:term":[{"taxonomy":"category","embeddable":true,"href":"https:\/\/intermedium.fr\/laquete\/wp-json\/wp\/v2\/categories?post=5096"},{"taxonomy":"post_tag","embeddable":true,"href":"https:\/\/intermedium.fr\/laquete\/wp-json\/wp\/v2\/tags?post=5096"}],"curies":[{"name":"wp","href":"https:\/\/api.w.org\/{rel}","templated":true}]}}