{"id":5376,"date":"2016-05-28T08:49:04","date_gmt":"2016-05-28T06:49:04","guid":{"rendered":"http:\/\/colibris-nancy.fr\/?p=5376"},"modified":"2016-05-28T08:49:04","modified_gmt":"2016-05-28T06:49:04","slug":"les-jardins-du-parc-le-5-mai-2016","status":"publish","type":"post","link":"https:\/\/intermedium.fr\/laquete\/2016\/05\/28\/les-jardins-du-parc-le-5-mai-2016\/","title":{"rendered":"Les jardins du parc &#8211; le 5 mai 2016"},"content":{"rendered":"<p><strong><em><img loading=\"lazy\" decoding=\"async\" class=\"size-medium wp-image-5378 alignleft\" src=\"http:\/\/colibris-nancy.fr\/wp-content\/uploads\/2016\/05\/1IMG_0716-300x169.jpg\" alt=\"1IMG_0716\" width=\"300\" height=\"169\" srcset=\"https:\/\/intermedium.fr\/laquete\/wp-content\/uploads\/2016\/05\/1IMG_0716-300x169.jpg 300w, https:\/\/intermedium.fr\/laquete\/wp-content\/uploads\/2016\/05\/1IMG_0716.jpg 640w\" sizes=\"auto, (max-width: 300px) 100vw, 300px\" \/>Participation du collectif Colibris Nancy \u00e0 la 6\u00e8 F\u00eate des Jardins du Parc, propos\u00e9e par la MJC Lorraine, en partenariat avec la mairie de Vand\u0153uvre, et son service espaces verts.<\/em><\/strong><\/p>\n<p>Soleil et grand vent ce 5 mai au parc du Charmois.<br \/>\nLa chaleur favorise l&rsquo;\u00e9change et le vent donne une beaut\u00e9 au vol des colibris qui ont install\u00e9 leur stand dans ce parc, au son d&rsquo;une fanfare qui r\u00e9sonnait agr\u00e9ablement dans cet \u00e9crin de verdure accueillant une belle manifestation botanique et horticole<img loading=\"lazy\" decoding=\"async\" class=\"size-medium wp-image-5379 alignright\" src=\"http:\/\/colibris-nancy.fr\/wp-content\/uploads\/2016\/05\/1IMG_0719-300x169.jpg\" alt=\"1IMG_0719\" width=\"300\" height=\"169\" srcset=\"https:\/\/intermedium.fr\/laquete\/wp-content\/uploads\/2016\/05\/1IMG_0719-300x169.jpg 300w, https:\/\/intermedium.fr\/laquete\/wp-content\/uploads\/2016\/05\/1IMG_0719.jpg 640w\" sizes=\"auto, (max-width: 300px) 100vw, 300px\" \/><\/p>\n<p>Belle occasion pour parler \u00e9cologie, agro\u00e9cologie, jardin, nature et de toutes les alternatives en \u00e9mergence qui donnent plus d&rsquo;une occasion de faire sa part pour s&rsquo;acheminer vers un monde plus humain, plus juste, plus \u00e9quitable.<\/p>\n","protected":false},"excerpt":{"rendered":"<p>Participation du collectif Colibris Nancy \u00e0 la 6\u00e8 F\u00eate des Jardins du Parc, propos\u00e9e par la MJC Lorraine, en partenariat avec la mairie de Vand\u0153uvre, et son service espaces verts.<\/p>\n","protected":false},"author":1,"featured_media":5377,"comment_status":"open","ping_status":"open","sticky":false,"template":"","format":"standard","meta":{"footnotes":""},"categories":[10],"tags":[],"class_list":["post-5376","post","type-post","status-publish","format-standard","has-post-thumbnail","hentry","category-agro-ecologie","masonry-post","generate-columns","tablet-grid-50","mobile-grid-100","grid-parent","grid-25"],"_links":{"self":[{"href":"https:\/\/intermedium.fr\/laquete\/wp-json\/wp\/v2\/posts\/5376","targetHints":{"allow":["GET"]}}],"collection":[{"href":"https:\/\/intermedium.fr\/laquete\/wp-json\/wp\/v2\/posts"}],"about":[{"href":"https:\/\/intermedium.fr\/laquete\/wp-json\/wp\/v2\/types\/post"}],"author":[{"embeddable":true,"href":"https:\/\/intermedium.fr\/laquete\/wp-json\/wp\/v2\/users\/1"}],"replies":[{"embeddable":true,"href":"https:\/\/intermedium.fr\/laquete\/wp-json\/wp\/v2\/comments?post=5376"}],"version-history":[{"count":0,"href":"https:\/\/intermedium.fr\/laquete\/wp-json\/wp\/v2\/posts\/5376\/revisions"}],"wp:featuredmedia":[{"embeddable":true,"href":"https:\/\/intermedium.fr\/laquete\/wp-json\/wp\/v2\/media\/5377"}],"wp:attachment":[{"href":"https:\/\/intermedium.fr\/laquete\/wp-json\/wp\/v2\/media?parent=5376"}],"wp:term":[{"taxonomy":"category","embeddable":true,"href":"https:\/\/intermedium.fr\/laquete\/wp-json\/wp\/v2\/categories?post=5376"},{"taxonomy":"post_tag","embeddable":true,"href":"https:\/\/intermedium.fr\/laquete\/wp-json\/wp\/v2\/tags?post=5376"}],"curies":[{"name":"wp","href":"https:\/\/api.w.org\/{rel}","templated":true}]}}