{"id":7699,"date":"2017-03-30T09:27:36","date_gmt":"2017-03-30T07:27:36","guid":{"rendered":"http:\/\/colibris-nancy.fr\/?p=7699"},"modified":"2017-03-30T09:27:36","modified_gmt":"2017-03-30T07:27:36","slug":"sortie-plantes-sauvages-comestibles","status":"publish","type":"post","link":"https:\/\/intermedium.fr\/laquete\/2017\/03\/30\/sortie-plantes-sauvages-comestibles\/","title":{"rendered":"Sortie \u00ab\u00a0plantes sauvages comestibles\u00a0\u00bb le 8 avril"},"content":{"rendered":"<p>En marge de<strong> l&rsquo;Atelier Cuisine, <\/strong>Fran\u00e7oise nous propose :<\/p>\n<p>La 1\u00e8re sortie \u00ab\u00a0<strong>plantes sauvages comestibles<\/strong>\u00a0\u00bb qui se fera le samedi <strong>8 avril, de 10 h 00 \u00e0 12 h 00<\/strong> (au lieu de 13h30 \u00e0 15h30 pr\u00e9vu initialement). Ainsi, pour ceux qui le souhaitent, nous pourrons poursuivre notre rencontre par un pique-nique tir\u00e9 du sac, s&rsquo;il fait beau (Sinon nous trouverons bien une solution !).<br \/>\nClaude nous servira de guide.<\/p>\n<p>Le rendez-vous est fix\u00e9 \u00e0 Laxou, parcours de sant\u00e9, \u00e0 c\u00f4t\u00e9 de Auchan sapini\u00e8re, cot\u00e9 Auchan Drive.<\/p>\n<p>Il suffit de traverser jusqu&rsquo;au bout le parking de la Sapini\u00e8re et prendre \u00e0 droite jusqu&rsquo;\u00e0 la rue de la V\u00f4ge.<br \/>\nPour plus amples renseignements, appeler le num\u00e9ro de t\u00e9l que l&rsquo;on vous donnera apr\u00e8s inscription.<\/p>\n<p><img loading=\"lazy\" decoding=\"async\" class=\"wp-image-7713 aligncenter\" src=\"http:\/\/colibris-nancy.fr\/wp-content\/uploads\/2017\/03\/voge1-300x216.jpg\" alt=\"\" width=\"425\" height=\"306\" srcset=\"https:\/\/intermedium.fr\/laquete\/wp-content\/uploads\/2017\/03\/voge1-300x216.jpg 300w, https:\/\/intermedium.fr\/laquete\/wp-content\/uploads\/2017\/03\/voge1-768x552.jpg 768w, https:\/\/intermedium.fr\/laquete\/wp-content\/uploads\/2017\/03\/voge1.jpg 900w\" sizes=\"auto, (max-width: 425px) 100vw, 425px\" \/><\/p>\n<h3>Inscription<\/h3>\n<p class=\"wpcf7-contact-form-not-found\"><strong>Error:<\/strong> Contact form not found.<\/p>\n","protected":false},"excerpt":{"rendered":"<p>En marge de l&rsquo;Atelier Cuisine, Fran\u00e7oise nous propose : La 1\u00e8re sortie \u00ab\u00a0plantes sauvages comestibles\u00a0\u00bb qui se fera le samedi 8 avril, de 10 h 00 \u00e0 12 h 00 &#8230; <a title=\"Sortie \u00ab\u00a0plantes sauvages comestibles\u00a0\u00bb le 8 avril\" class=\"read-more\" href=\"https:\/\/intermedium.fr\/laquete\/2017\/03\/30\/sortie-plantes-sauvages-comestibles\/\" aria-label=\"Plus sur Sortie \u00ab\u00a0plantes sauvages comestibles\u00a0\u00bb le 8 avril\">Lire plus<\/a><\/p>\n","protected":false},"author":1,"featured_media":7700,"comment_status":"open","ping_status":"open","sticky":false,"template":"","format":"standard","meta":{"footnotes":""},"categories":[13],"tags":[],"class_list":["post-7699","post","type-post","status-publish","format-standard","has-post-thumbnail","hentry","category-atelier-cuisine","masonry-post","generate-columns","tablet-grid-50","mobile-grid-100","grid-parent","grid-25"],"_links":{"self":[{"href":"https:\/\/intermedium.fr\/laquete\/wp-json\/wp\/v2\/posts\/7699","targetHints":{"allow":["GET"]}}],"collection":[{"href":"https:\/\/intermedium.fr\/laquete\/wp-json\/wp\/v2\/posts"}],"about":[{"href":"https:\/\/intermedium.fr\/laquete\/wp-json\/wp\/v2\/types\/post"}],"author":[{"embeddable":true,"href":"https:\/\/intermedium.fr\/laquete\/wp-json\/wp\/v2\/users\/1"}],"replies":[{"embeddable":true,"href":"https:\/\/intermedium.fr\/laquete\/wp-json\/wp\/v2\/comments?post=7699"}],"version-history":[{"count":0,"href":"https:\/\/intermedium.fr\/laquete\/wp-json\/wp\/v2\/posts\/7699\/revisions"}],"wp:featuredmedia":[{"embeddable":true,"href":"https:\/\/intermedium.fr\/laquete\/wp-json\/wp\/v2\/media\/7700"}],"wp:attachment":[{"href":"https:\/\/intermedium.fr\/laquete\/wp-json\/wp\/v2\/media?parent=7699"}],"wp:term":[{"taxonomy":"category","embeddable":true,"href":"https:\/\/intermedium.fr\/laquete\/wp-json\/wp\/v2\/categories?post=7699"},{"taxonomy":"post_tag","embeddable":true,"href":"https:\/\/intermedium.fr\/laquete\/wp-json\/wp\/v2\/tags?post=7699"}],"curies":[{"name":"wp","href":"https:\/\/api.w.org\/{rel}","templated":true}]}}