{"id":8600,"date":"2017-10-19T16:27:48","date_gmt":"2017-10-19T14:27:48","guid":{"rendered":"http:\/\/colibris-nancy.fr\/?p=8600"},"modified":"2017-10-19T16:27:48","modified_gmt":"2017-10-19T14:27:48","slug":"sortie-mycologique-a-badonviller-le-samedi-21-octobre-2017-flore-54","status":"publish","type":"post","link":"https:\/\/intermedium.fr\/laquete\/2017\/10\/19\/sortie-mycologique-a-badonviller-le-samedi-21-octobre-2017-flore-54\/","title":{"rendered":"Sortie mycologique \u00e0 Badonviller le samedi 21 octobre 2017 | Flore 54"},"content":{"rendered":"<div id=\"js_tp\" class=\"_5pbx userContent _3576\" data-ft=\"{&quot;tn&quot;:&quot;K&quot;}\">\n<h1>Champignonons-nous dans les bois<\/h1>\n<p>La f\u00e9d\u00e9ration FLORE 54 propose une sortie mycologique \u00e0 Badonviller le samedi 21 octobre 2017\u00a0<span class=\"_5mfr _47e3\"><img loading=\"lazy\" decoding=\"async\" class=\"img\" role=\"presentation\" src=\"https:\/\/www.facebook.com\/images\/emoji.php\/v9\/f89\/1\/16\/1f342.png\" alt=\"\" width=\"16\" height=\"16\" \/><span class=\"_7oe\">?<\/span><\/span><\/p>\n<\/div>\n<div class=\"_3x-2\">\n<div data-ft=\"{&quot;tn&quot;:&quot;H&quot;}\">\n<div class=\"mtm\">\n<div id=\"u_2k_b\" class=\"_6m2 _1zpr clearfix _dcs _4_w4 _59ap\" data-ft=\"{&quot;tn&quot;:&quot;H&quot;}\">\n<div class=\"clearfix _2r3x\">\n<div class=\"lfloat _ohe\">\n<div class=\"_3ekx _29_4\">\n<div class=\"_6m3 _--6\">\n<div class=\"mbs _6m6 _2cnj _5s6c\"><a href=\"http:\/\/flore54.org\/node\/143\">Sortie mycologique \u00e0 Badonviller le samedi 21 octobre 2017 | Flore 54<\/a><\/div>\n<div class=\"_6m7 _3bt9\">Animation de Colette Bonnet et Jean-Claude Estatico, Soci\u00e9t\u00e9 Lorraine de MycologieAccompagnateur : Raynald Rigolot \u2013 T\u00e9l. : 06 86 05 04 31<\/div>\n<div class=\"_59tj _2iau\">\n<div>\n<div class=\"_6lz _6mb ellipsis\">FLORE54.ORG<\/div>\n<\/div>\n<\/div>\n<\/div>\n<\/div>\n<div>T\u00e9l\u00e9charger l&rsquo;<a href=\"http:\/\/colibris-nancy.fr\/wp-content\/uploads\/2017\/10\/21-octobre-2017-Sortie-mycologique.pdf\">Affiche en pdf<\/a><\/div>\n<\/div>\n<\/div>\n<\/div>\n<\/div>\n<\/div>\n<\/div>\n","protected":false},"excerpt":{"rendered":"<p>Champignonons-nous dans les bois La f\u00e9d\u00e9ration FLORE 54 propose une sortie mycologique \u00e0 Badonviller le samedi 21 octobre 2017\u00a0? Sortie mycologique \u00e0 Badonviller le samedi 21 octobre 2017 | Flore &#8230; <a title=\"Sortie mycologique \u00e0 Badonviller le samedi 21 octobre 2017 | Flore 54\" class=\"read-more\" href=\"https:\/\/intermedium.fr\/laquete\/2017\/10\/19\/sortie-mycologique-a-badonviller-le-samedi-21-octobre-2017-flore-54\/\" aria-label=\"Plus sur Sortie mycologique \u00e0 Badonviller le samedi 21 octobre 2017 | Flore 54\">Lire plus<\/a><\/p>\n","protected":false},"author":1,"featured_media":8602,"comment_status":"open","ping_status":"open","sticky":false,"template":"","format":"standard","meta":{"footnotes":""},"categories":[17],"tags":[],"class_list":["post-8600","post","type-post","status-publish","format-standard","has-post-thumbnail","hentry","category-comestibles-sauvages","masonry-post","generate-columns","tablet-grid-50","mobile-grid-100","grid-parent","grid-25"],"_links":{"self":[{"href":"https:\/\/intermedium.fr\/laquete\/wp-json\/wp\/v2\/posts\/8600","targetHints":{"allow":["GET"]}}],"collection":[{"href":"https:\/\/intermedium.fr\/laquete\/wp-json\/wp\/v2\/posts"}],"about":[{"href":"https:\/\/intermedium.fr\/laquete\/wp-json\/wp\/v2\/types\/post"}],"author":[{"embeddable":true,"href":"https:\/\/intermedium.fr\/laquete\/wp-json\/wp\/v2\/users\/1"}],"replies":[{"embeddable":true,"href":"https:\/\/intermedium.fr\/laquete\/wp-json\/wp\/v2\/comments?post=8600"}],"version-history":[{"count":0,"href":"https:\/\/intermedium.fr\/laquete\/wp-json\/wp\/v2\/posts\/8600\/revisions"}],"wp:featuredmedia":[{"embeddable":true,"href":"https:\/\/intermedium.fr\/laquete\/wp-json\/wp\/v2\/media\/8602"}],"wp:attachment":[{"href":"https:\/\/intermedium.fr\/laquete\/wp-json\/wp\/v2\/media?parent=8600"}],"wp:term":[{"taxonomy":"category","embeddable":true,"href":"https:\/\/intermedium.fr\/laquete\/wp-json\/wp\/v2\/categories?post=8600"},{"taxonomy":"post_tag","embeddable":true,"href":"https:\/\/intermedium.fr\/laquete\/wp-json\/wp\/v2\/tags?post=8600"}],"curies":[{"name":"wp","href":"https:\/\/api.w.org\/{rel}","templated":true}]}}